{"id":44307,"date":"2025-01-14T21:35:17","date_gmt":"2025-01-14T21:35:17","guid":{"rendered":"https:\/\/historiografija.hr\/?p=44307"},"modified":"2025-01-14T21:35:17","modified_gmt":"2025-01-14T21:35:17","slug":"predavanje-ivana-armande-godine-drugog-svjetskog-rata-u-korculi-prema-zapisima-dominikanke-ceslave-andreis","status":"publish","type":"post","link":"https:\/\/historiografija.hr\/?p=44307","title":{"rendered":"Predavanje Ivana Armande \u201eGodine Drugog svjetskog rata u Kor\u010duli prema zapisima dominikanke \u010ceslave Andreis\u201c"},"content":{"rendered":"\n<p>U \u010detvrtak, 16. sije\u010dnja u 18.30 sati, u Gradskom muzeju Kor\u010dula odr\u017eat \u0107e se predavanje iz suvremene povijesti grada i otoka: \u201eGodine Drugog svjetskog rata u Kor\u010duli prema zapisima dominikanke \u010ceslave Andreis\u201c. Predava\u010d je leksikograf dr. sc. Ivan Armanda pri Leksikografskom zavodu \u201cMiroslav Krle\u017ea\u201c.<\/p>\n\n\n\n<hr class=\"wp-block-separator has-alpha-channel-opacity\"\/>\n\n\n\n<p>Izvor:<\/p>\n\n\n\n<p><a href=\"https:\/\/mdc.hr\">https:\/\/mdc.hr<\/a><\/p>\n\n\n\n<hr class=\"wp-block-separator has-alpha-channel-opacity\"\/>\n","protected":false},"excerpt":{"rendered":"","protected":false},"author":2,"featured_media":44308,"comment_status":"open","ping_status":"open","sticky":false,"template":"","format":"standard","meta":{"_acf_changed":false,"jetpack_post_was_ever_published":false,"_jetpack_newsletter_access":"","_jetpack_dont_email_post_to_subs":false,"_jetpack_newsletter_tier_id":0,"_jetpack_memberships_contains_paywalled_content":false,"_jetpack_memberships_contains_paid_content":false,"footnotes":"","jetpack_publicize_message":"","jetpack_publicize_feature_enabled":true,"jetpack_social_post_already_shared":true,"jetpack_social_options":{"image_generator_settings":{"template":"highway","default_image_id":0,"font":"","enabled":false},"version":2}},"categories":[3],"tags":[],"class_list":["post-44307","post","type-post","status-publish","format-standard","has-post-thumbnail","hentry","category-novosti"],"acf":{"facebook_opis":""},"jetpack_publicize_connections":[],"jetpack_featured_media_url":"https:\/\/i0.wp.com\/historiografija.hr\/wp-content\/uploads\/2025\/01\/Predavanje_Armanda.jpg?fit=650%2C495&ssl=1","jetpack_sharing_enabled":true,"jetpack-related-posts":[],"_links":{"self":[{"href":"https:\/\/historiografija.hr\/index.php?rest_route=\/wp\/v2\/posts\/44307","targetHints":{"allow":["GET"]}}],"collection":[{"href":"https:\/\/historiografija.hr\/index.php?rest_route=\/wp\/v2\/posts"}],"about":[{"href":"https:\/\/historiografija.hr\/index.php?rest_route=\/wp\/v2\/types\/post"}],"author":[{"embeddable":true,"href":"https:\/\/historiografija.hr\/index.php?rest_route=\/wp\/v2\/users\/2"}],"replies":[{"embeddable":true,"href":"https:\/\/historiografija.hr\/index.php?rest_route=%2Fwp%2Fv2%2Fcomments&post=44307"}],"version-history":[{"count":1,"href":"https:\/\/historiografija.hr\/index.php?rest_route=\/wp\/v2\/posts\/44307\/revisions"}],"predecessor-version":[{"id":44309,"href":"https:\/\/historiografija.hr\/index.php?rest_route=\/wp\/v2\/posts\/44307\/revisions\/44309"}],"wp:featuredmedia":[{"embeddable":true,"href":"https:\/\/historiografija.hr\/index.php?rest_route=\/wp\/v2\/media\/44308"}],"wp:attachment":[{"href":"https:\/\/historiografija.hr\/index.php?rest_route=%2Fwp%2Fv2%2Fmedia&parent=44307"}],"wp:term":[{"taxonomy":"category","embeddable":true,"href":"https:\/\/historiografija.hr\/index.php?rest_route=%2Fwp%2Fv2%2Fcategories&post=44307"},{"taxonomy":"post_tag","embeddable":true,"href":"https:\/\/historiografija.hr\/index.php?rest_route=%2Fwp%2Fv2%2Ftags&post=44307"}],"curies":[{"name":"wp","href":"https:\/\/api.w.org\/{rel}","templated":true}]}}