{"id":44304,"date":"2025-01-14T21:29:54","date_gmt":"2025-01-14T21:29:54","guid":{"rendered":"https:\/\/historiografija.hr\/?p=44304"},"modified":"2025-01-14T21:29:54","modified_gmt":"2025-01-14T21:29:54","slug":"javno-predavanje-milene-mileve-blazic-slovenska-prijateljica-anne-frank-anica-kovacic-u-puli","status":"publish","type":"post","link":"https:\/\/historiografija.hr\/?p=44304","title":{"rendered":"Javno predavanje Milene Mileve Bla\u017ei\u0107 \u201cSlovenska prijateljica Anne Frank \u2013 Anica Kova\u010di\u010d\u201d u Puli"},"content":{"rendered":"\n<p>U petak, 17. sije\u010dnja 2025., s po\u010detkom u 18:00 sati u prostorijama Udruge antifa\u0161isti\u010dkih boraca i antifa\u0161ista grada Pule (Emova 1) odr\u017eat \u0107e se javno predavanje dr. sc. Milene Mileve Bla\u017ei\u0107 \u201eAnica Kova\u010di\u010d, slovenska prijateljica Anne Frank\u201c. Predavanje se odr\u017eava povodom obilje\u017eavanja 80. godi\u0161njice oslobo\u0111enja Pule i Me\u0111unarodnog dana sje\u0107anja na \u017ertve holokausta. Organizatori su Udruga antifa\u0161isti\u010dkih boraca i antifa\u0161ista grada Pule, Istarsko povijesno dru\u0161tvo i Hrvatska udruga nastavnika povijesti.<\/p>\n\n\n\n<p>O predavanju:<\/p>\n\n\n\n<p>Predavanje \u0107e obuhvatiti knji\u017eevno-povijesni prikaz rukopisa \u201ePopis interniraca. Susreli smo se u logoru Bergen-Belseri\u201d te intervju Anice Kova\u010di\u010d (ro\u0111. Mislej) iz 2018. u kojem je detaljno opisala svakodnevne susrete s Anne Frank. Predavanjem se \u017eeli potaknuti svijest o va\u017enosti&nbsp; svjedo\u010danstava pre\u017eivjelih logora\u0161a.<\/p>\n\n\n\n<p>O predava\u010dici:<\/p>\n\n\n\n<p>Milena Mileva Bla\u017ei\u0107 redovita je profesorica na Sveu\u010dili\u0161tu u Ljubljani, Pedago\u0161ki fakultet. Bavi se knji\u017eevno\u0161\u0107u za mlade, bajkama, slikovnicama, komparativnom knji\u017eevno\u0161\u0107u za mlade i dje\u010djim pisanjem vezanim za razdoblje Drugog svjetskog rata.<\/p>\n\n\n\n<p><a href=\"https:\/\/ipd-ssi.hr\/wp-content\/uploads\/2025\/01\/Pozivnica.pdf\">Pozivnica<\/a><\/p>\n\n\n\n<hr class=\"wp-block-separator has-alpha-channel-opacity\"\/>\n\n\n\n<p>Izvor:<\/p>\n\n\n\n<figure class=\"wp-block-embed is-type-wp-embed is-provider-istarsko-povijesno-dru-tvo-societ-storica-istriana wp-block-embed-istarsko-povijesno-dru-tvo-societ-storica-istriana\"><div class=\"wp-block-embed__wrapper\">\n<blockquote class=\"wp-embedded-content\" data-secret=\"nh9RMxqFI0\"><a href=\"https:\/\/ipd-ssi.hr\/2025\/01\/14\/slovenska-prijateljica-anne-frank-anica-kovacic\/\">Javno predavanje Milene Mileve Bla\u017ei\u0107 &#8220;Slovenska prijateljica Anne Frank &#8211; Anica Kova\u010di\u010d&#8221; u Puli<\/a><\/blockquote><iframe loading=\"lazy\" class=\"wp-embedded-content\" sandbox=\"allow-scripts\" security=\"restricted\" style=\"position: absolute; visibility: hidden;\" title=\"&#8220;Javno predavanje Milene Mileve Bla\u017ei\u0107 &#8220;Slovenska prijateljica Anne Frank &#8211; Anica Kova\u010di\u010d&#8221; u Puli&#8221; &#8212; Istarsko povijesno dru\u0161tvo - Societ\u00e0 Storica Istriana\" src=\"https:\/\/ipd-ssi.hr\/2025\/01\/14\/slovenska-prijateljica-anne-frank-anica-kovacic\/embed\/#?secret=S3KOJRlCtP#?secret=nh9RMxqFI0\" data-secret=\"nh9RMxqFI0\" width=\"600\" height=\"338\" frameborder=\"0\" marginwidth=\"0\" marginheight=\"0\" scrolling=\"no\"><\/iframe>\n<\/div><\/figure>\n\n\n\n<hr class=\"wp-block-separator has-alpha-channel-opacity\"\/>\n","protected":false},"excerpt":{"rendered":"","protected":false},"author":2,"featured_media":44305,"comment_status":"open","ping_status":"open","sticky":false,"template":"","format":"standard","meta":{"_acf_changed":false,"jetpack_post_was_ever_published":false,"_jetpack_newsletter_access":"","_jetpack_dont_email_post_to_subs":false,"_jetpack_newsletter_tier_id":0,"_jetpack_memberships_contains_paywalled_content":false,"_jetpack_memberships_contains_paid_content":false,"footnotes":"","jetpack_publicize_message":"","jetpack_publicize_feature_enabled":true,"jetpack_social_post_already_shared":true,"jetpack_social_options":{"image_generator_settings":{"template":"highway","default_image_id":0,"font":"","enabled":false},"version":2}},"categories":[3],"tags":[],"class_list":["post-44304","post","type-post","status-publish","format-standard","has-post-thumbnail","hentry","category-novosti"],"acf":{"facebook_opis":""},"jetpack_publicize_connections":[],"jetpack_featured_media_url":"https:\/\/i0.wp.com\/historiografija.hr\/wp-content\/uploads\/2025\/01\/Anne-Frank.jpg?fit=620%2C372&ssl=1","jetpack_sharing_enabled":true,"jetpack-related-posts":[],"_links":{"self":[{"href":"https:\/\/historiografija.hr\/index.php?rest_route=\/wp\/v2\/posts\/44304","targetHints":{"allow":["GET"]}}],"collection":[{"href":"https:\/\/historiografija.hr\/index.php?rest_route=\/wp\/v2\/posts"}],"about":[{"href":"https:\/\/historiografija.hr\/index.php?rest_route=\/wp\/v2\/types\/post"}],"author":[{"embeddable":true,"href":"https:\/\/historiografija.hr\/index.php?rest_route=\/wp\/v2\/users\/2"}],"replies":[{"embeddable":true,"href":"https:\/\/historiografija.hr\/index.php?rest_route=%2Fwp%2Fv2%2Fcomments&post=44304"}],"version-history":[{"count":1,"href":"https:\/\/historiografija.hr\/index.php?rest_route=\/wp\/v2\/posts\/44304\/revisions"}],"predecessor-version":[{"id":44306,"href":"https:\/\/historiografija.hr\/index.php?rest_route=\/wp\/v2\/posts\/44304\/revisions\/44306"}],"wp:featuredmedia":[{"embeddable":true,"href":"https:\/\/historiografija.hr\/index.php?rest_route=\/wp\/v2\/media\/44305"}],"wp:attachment":[{"href":"https:\/\/historiografija.hr\/index.php?rest_route=%2Fwp%2Fv2%2Fmedia&parent=44304"}],"wp:term":[{"taxonomy":"category","embeddable":true,"href":"https:\/\/historiografija.hr\/index.php?rest_route=%2Fwp%2Fv2%2Fcategories&post=44304"},{"taxonomy":"post_tag","embeddable":true,"href":"https:\/\/historiografija.hr\/index.php?rest_route=%2Fwp%2Fv2%2Ftags&post=44304"}],"curies":[{"name":"wp","href":"https:\/\/api.w.org\/{rel}","templated":true}]}}