{"id":44301,"date":"2025-01-14T21:10:04","date_gmt":"2025-01-14T21:10:04","guid":{"rendered":"https:\/\/historiografija.hr\/?p=44301"},"modified":"2025-01-21T11:25:53","modified_gmt":"2025-01-21T11:25:53","slug":"predstavljanje-knjige-rade-dragojevica-slucaj-novosti","status":"publish","type":"post","link":"https:\/\/historiografija.hr\/?p=44301","title":{"rendered":"Predstavljanje knjige Rade Dragojevi\u0107a \u201eSlu\u010daj Novosti\u201c"},"content":{"rendered":"\n<p>Pozivamo vas na predstavljanje knjige Rade Dragojevi\u0107a&nbsp;<em>Slu\u010daj Novosti&nbsp;<\/em>i okrugli stol u povodu 25 godina samostalnog tjednika&nbsp;<em>Novosti<\/em>.<\/p>\n\n\n\n<p>Predstavljanje knjige i okrugli stol odr\u017eat \u0107e se u petak 17. sije\u010dnja 2025. u Srpskom kulturnom centru, Preradovi\u0107eva 21, Zagreb, s po\u010detkom u 19 sati.<\/p>\n\n\n\n<hr class=\"wp-block-separator has-alpha-channel-opacity\"\/>\n\n\n\n<p>Izvori i dodatne obavijesti:<\/p>\n\n\n\n<figure class=\"wp-block-embed is-type-wp-embed is-provider-srednja-europa wp-block-embed-srednja-europa\"><div class=\"wp-block-embed__wrapper\">\n<blockquote class=\"wp-embedded-content\" data-secret=\"7ZNNxwQ98Z\"><a href=\"https:\/\/srednja-europa.hr\/dogadaji\/predstavljanje-knjige-rdae-dragojevica-slucaj-novosti\/\">Predstavljanje knjige Rade Dragojevi\u0107a Slu\u010daj Novosti<\/a><\/blockquote><iframe loading=\"lazy\" class=\"wp-embedded-content\" sandbox=\"allow-scripts\" security=\"restricted\" style=\"position: absolute; visibility: hidden;\" title=\"&#8220;Predstavljanje knjige Rade Dragojevi\u0107a Slu\u010daj Novosti&#8221; &#8212; Srednja Europa\" src=\"https:\/\/srednja-europa.hr\/dogadaji\/predstavljanje-knjige-rdae-dragojevica-slucaj-novosti\/embed\/#?secret=7ZNNxwQ98Z\" data-secret=\"7ZNNxwQ98Z\" width=\"600\" height=\"338\" frameborder=\"0\" marginwidth=\"0\" marginheight=\"0\" scrolling=\"no\"><\/iframe>\n<\/div><\/figure>\n\n\n\n<p><a href=\"https:\/\/www.portalnovosti.com\/novosti-pozitivan-eksces-u-medijskom-prostoru\">https:\/\/www.portalnovosti.com\/novosti-pozitivan-eksces-u-medijskom-prostoru<\/a><\/p>\n\n\n\n<figure class=\"wp-block-embed is-type-wp-embed is-provider-srednja-europa wp-block-embed-srednja-europa\"><div class=\"wp-block-embed__wrapper\">\n<blockquote class=\"wp-embedded-content\" data-secret=\"v9xuqu8yCO\"><a href=\"https:\/\/srednja-europa.hr\/proizvod\/slucaj-novosti\/\">Slu\u010daj Novosti<\/a><\/blockquote><iframe loading=\"lazy\" class=\"wp-embedded-content\" sandbox=\"allow-scripts\" security=\"restricted\" style=\"position: absolute; visibility: hidden;\" title=\"&#8220;Slu\u010daj Novosti&#8221; &#8212; Srednja Europa\" src=\"https:\/\/srednja-europa.hr\/proizvod\/slucaj-novosti\/embed\/#?secret=v9xuqu8yCO\" data-secret=\"v9xuqu8yCO\" width=\"600\" height=\"338\" frameborder=\"0\" marginwidth=\"0\" marginheight=\"0\" scrolling=\"no\"><\/iframe>\n<\/div><\/figure>\n\n\n\n<p><a href=\"https:\/\/historiografija.ba\/knjige\/jugoistocna-evropa\/slucaj-novosti\">https:\/\/historiografija.ba\/knjige\/jugoistocna-evropa\/slucaj-novosti<\/a><\/p>\n\n\n\n<hr class=\"wp-block-separator has-alpha-channel-opacity\"\/>\n","protected":false},"excerpt":{"rendered":"","protected":false},"author":2,"featured_media":44302,"comment_status":"open","ping_status":"open","sticky":false,"template":"","format":"standard","meta":{"_acf_changed":false,"jetpack_post_was_ever_published":false,"_jetpack_newsletter_access":"","_jetpack_dont_email_post_to_subs":false,"_jetpack_newsletter_tier_id":0,"_jetpack_memberships_contains_paywalled_content":false,"_jetpack_memberships_contains_paid_content":false,"footnotes":"","jetpack_publicize_message":"","jetpack_publicize_feature_enabled":true,"jetpack_social_post_already_shared":true,"jetpack_social_options":{"image_generator_settings":{"template":"highway","default_image_id":0,"font":"","enabled":false},"version":2}},"categories":[3],"tags":[],"class_list":["post-44301","post","type-post","status-publish","format-standard","has-post-thumbnail","hentry","category-novosti"],"acf":{"facebook_opis":""},"jetpack_publicize_connections":[],"jetpack_featured_media_url":"https:\/\/i0.wp.com\/historiografija.hr\/wp-content\/uploads\/2025\/01\/Novosti.jpg?fit=436%2C545&ssl=1","jetpack_sharing_enabled":true,"jetpack-related-posts":[],"_links":{"self":[{"href":"https:\/\/historiografija.hr\/index.php?rest_route=\/wp\/v2\/posts\/44301","targetHints":{"allow":["GET"]}}],"collection":[{"href":"https:\/\/historiografija.hr\/index.php?rest_route=\/wp\/v2\/posts"}],"about":[{"href":"https:\/\/historiografija.hr\/index.php?rest_route=\/wp\/v2\/types\/post"}],"author":[{"embeddable":true,"href":"https:\/\/historiografija.hr\/index.php?rest_route=\/wp\/v2\/users\/2"}],"replies":[{"embeddable":true,"href":"https:\/\/historiografija.hr\/index.php?rest_route=%2Fwp%2Fv2%2Fcomments&post=44301"}],"version-history":[{"count":4,"href":"https:\/\/historiografija.hr\/index.php?rest_route=\/wp\/v2\/posts\/44301\/revisions"}],"predecessor-version":[{"id":44431,"href":"https:\/\/historiografija.hr\/index.php?rest_route=\/wp\/v2\/posts\/44301\/revisions\/44431"}],"wp:featuredmedia":[{"embeddable":true,"href":"https:\/\/historiografija.hr\/index.php?rest_route=\/wp\/v2\/media\/44302"}],"wp:attachment":[{"href":"https:\/\/historiografija.hr\/index.php?rest_route=%2Fwp%2Fv2%2Fmedia&parent=44301"}],"wp:term":[{"taxonomy":"category","embeddable":true,"href":"https:\/\/historiografija.hr\/index.php?rest_route=%2Fwp%2Fv2%2Fcategories&post=44301"},{"taxonomy":"post_tag","embeddable":true,"href":"https:\/\/historiografija.hr\/index.php?rest_route=%2Fwp%2Fv2%2Ftags&post=44301"}],"curies":[{"name":"wp","href":"https:\/\/api.w.org\/{rel}","templated":true}]}}