{"id":44298,"date":"2025-01-14T20:47:40","date_gmt":"2025-01-14T20:47:40","guid":{"rendered":"https:\/\/historiografija.hr\/?p=44298"},"modified":"2025-01-15T21:49:37","modified_gmt":"2025-01-15T21:49:37","slug":"promocija-knjige-karlovacka-oklopno-mehanizirana-postrojba-u-domovinskom-ratu","status":"publish","type":"post","link":"https:\/\/historiografija.hr\/?p=44298","title":{"rendered":"Promocija knjige \u201eKarlova\u010dka oklopno-mehanizirana postrojba u Domovinskom ratu\u201c"},"content":{"rendered":"\n<p>U utorak 14. sije\u010dnja 2024. u 18 sati u Muzeju Domovinskog rata Karlovac &#8211; Turanj, dvorana na 2. katu,&nbsp;odr\u017eat \u0107e se promocija knjige \u201eKarlova\u010dka oklopno-mehanizirana postrojba u Domovinskom ratu\u201c.<\/p>\n\n\n\n<p>Knjigu \u0107e predstaviti autori dr. sc. Darjan Godi\u0107 i dr. sc. Jak\u0161a Ragu\u017e.<\/p>\n\n\n\n<p>Doga\u0111aj je organiziran u suradnji s udrugom Veterana oklopno mehanizirane postrojbe Karlovac.<\/p>\n\n\n\n<hr class=\"wp-block-separator has-alpha-channel-opacity\"\/>\n\n\n\n<p>Izvor:<\/p>\n\n\n\n<p><a href=\"https:\/\/mgk.hr\/muzej-domovinskog-rata\/novosti\/promocija-monografije-karlovacka-oklopno-mehanizirana-postrojba-u-domovinskom-ratu\">https:\/\/mgk.hr\/muzej-domovinskog-rata\/novosti\/promocija-monografije-karlovacka-oklopno-mehanizirana-postrojba-u-domovinskom-ratu<\/a><\/p>\n\n\n\n<p><a href=\"https:\/\/www.facebook.com\/muzejdomovinskogratakarlovac\">https:\/\/www.facebook.com\/muzejdomovinskogratakarlovac<\/a><\/p>\n\n\n\n<hr class=\"wp-block-separator has-alpha-channel-opacity\"\/>\n\n\n\n<p>Dodatne obavijesti:<\/p>\n\n\n\n<figure class=\"wp-block-embed is-type-wp-embed is-provider-trend-com-hr wp-block-embed-trend-com-hr\"><div class=\"wp-block-embed__wrapper\">\n<blockquote class=\"wp-embedded-content\" data-secret=\"QdlwK9EbUp\"><a href=\"https:\/\/trend.com.hr\/2025\/01\/14\/odrzana-promocija-monografije-karlovacka-oklopno-mehanizirana-postrojba-u-domovinskom-ratu-pristigli-mnogi-veterani-postrojbe\/\">Odr\u017eana promocija monografije \u201eKarlova\u010dka oklopno-mehanizirana postrojba u Domovinskom ratu\u201c; pristigli mnogi veterani postrojbe<\/a><\/blockquote><iframe loading=\"lazy\" class=\"wp-embedded-content\" sandbox=\"allow-scripts\" security=\"restricted\" style=\"position: absolute; visibility: hidden;\" title=\"&#8220;Odr\u017eana promocija monografije \u201eKarlova\u010dka oklopno-mehanizirana postrojba u Domovinskom ratu\u201c; pristigli mnogi veterani postrojbe&#8221; &#8212; Trend.com.hr\" src=\"https:\/\/trend.com.hr\/2025\/01\/14\/odrzana-promocija-monografije-karlovacka-oklopno-mehanizirana-postrojba-u-domovinskom-ratu-pristigli-mnogi-veterani-postrojbe\/embed\/#?secret=nKTukNqSpv#?secret=QdlwK9EbUp\" data-secret=\"QdlwK9EbUp\" width=\"600\" height=\"338\" frameborder=\"0\" marginwidth=\"0\" marginheight=\"0\" scrolling=\"no\"><\/iframe>\n<\/div><\/figure>\n\n\n\n<hr class=\"wp-block-separator has-alpha-channel-opacity\"\/>\n","protected":false},"excerpt":{"rendered":"","protected":false},"author":2,"featured_media":44299,"comment_status":"open","ping_status":"open","sticky":false,"template":"","format":"standard","meta":{"_acf_changed":false,"jetpack_post_was_ever_published":false,"_jetpack_newsletter_access":"","_jetpack_dont_email_post_to_subs":false,"_jetpack_newsletter_tier_id":0,"_jetpack_memberships_contains_paywalled_content":false,"_jetpack_memberships_contains_paid_content":false,"footnotes":"","jetpack_publicize_message":"","jetpack_publicize_feature_enabled":true,"jetpack_social_post_already_shared":true,"jetpack_social_options":{"image_generator_settings":{"template":"highway","default_image_id":0,"font":"","enabled":false},"version":2}},"categories":[3],"tags":[],"class_list":["post-44298","post","type-post","status-publish","format-standard","has-post-thumbnail","hentry","category-novosti"],"acf":{"facebook_opis":""},"jetpack_publicize_connections":[],"jetpack_featured_media_url":"https:\/\/i0.wp.com\/historiografija.hr\/wp-content\/uploads\/2025\/01\/Promocija-monografije.jpg?fit=650%2C420&ssl=1","jetpack_sharing_enabled":true,"jetpack-related-posts":[],"_links":{"self":[{"href":"https:\/\/historiografija.hr\/index.php?rest_route=\/wp\/v2\/posts\/44298","targetHints":{"allow":["GET"]}}],"collection":[{"href":"https:\/\/historiografija.hr\/index.php?rest_route=\/wp\/v2\/posts"}],"about":[{"href":"https:\/\/historiografija.hr\/index.php?rest_route=\/wp\/v2\/types\/post"}],"author":[{"embeddable":true,"href":"https:\/\/historiografija.hr\/index.php?rest_route=\/wp\/v2\/users\/2"}],"replies":[{"embeddable":true,"href":"https:\/\/historiografija.hr\/index.php?rest_route=%2Fwp%2Fv2%2Fcomments&post=44298"}],"version-history":[{"count":2,"href":"https:\/\/historiografija.hr\/index.php?rest_route=\/wp\/v2\/posts\/44298\/revisions"}],"predecessor-version":[{"id":44328,"href":"https:\/\/historiografija.hr\/index.php?rest_route=\/wp\/v2\/posts\/44298\/revisions\/44328"}],"wp:featuredmedia":[{"embeddable":true,"href":"https:\/\/historiografija.hr\/index.php?rest_route=\/wp\/v2\/media\/44299"}],"wp:attachment":[{"href":"https:\/\/historiografija.hr\/index.php?rest_route=%2Fwp%2Fv2%2Fmedia&parent=44298"}],"wp:term":[{"taxonomy":"category","embeddable":true,"href":"https:\/\/historiografija.hr\/index.php?rest_route=%2Fwp%2Fv2%2Fcategories&post=44298"},{"taxonomy":"post_tag","embeddable":true,"href":"https:\/\/historiografija.hr\/index.php?rest_route=%2Fwp%2Fv2%2Ftags&post=44298"}],"curies":[{"name":"wp","href":"https:\/\/api.w.org\/{rel}","templated":true}]}}