{"id":44293,"date":"2025-01-13T17:42:46","date_gmt":"2025-01-13T17:42:46","guid":{"rendered":"https:\/\/historiografija.hr\/?p=44293"},"modified":"2025-01-13T17:43:35","modified_gmt":"2025-01-13T17:43:35","slug":"medugeneracijske-debate-20-22-sijecnja-2025","status":"publish","type":"post","link":"https:\/\/historiografija.hr\/?p=44293","title":{"rendered":"Me\u0111ugeneracijske debate (20.-22. sije\u010dnja 2025.)"},"content":{"rendered":"\n<p>Pridru\u017eite nam se na me\u0111ugeneracijskim debatama koje se osvr\u0107u na ratove na prostoru biv\u0161e Jugoslavije (1991. \u2013 2001.), njihove posljedice i utjecaj iz osobne perspektive. U razgovorima \u0107e sudjelovati mladi delegati No Oblivion projekta i svjedoci vremena:<\/p>\n\n\n\n<p>\u2022 Ivana Bodro\u017ei\u0107 | 20. sije\u010dnja, 15:00 |<\/p>\n\n\n\n<p>\u2022 Vasfije Krasniqi Goodman | 21. sije\u010dnja, 18:00 |<\/p>\n\n\n\n<p>\u2022 Vedran D\u017eihi\u0107 | 22. sije\u010dnja, 16:00&nbsp; |<\/p>\n\n\n\n<p>Tijekom razgovora, sudionici \u0107e progovoriti o nekim od ovih pitanja:<\/p>\n\n\n\n<p>\u2022 \u0160to zna\u010di odrastati usred rata i nesigurnosti?<\/p>\n\n\n\n<p>\u2022 \u0160to je potrebno da bi izbjeglice uistinu prona\u0161le novi dom, i \u0161to nam to govori o trenuta\u010dnoj politi\u010dkoj situaciji u Europi?<\/p>\n\n\n\n<p>\u2022 Kako se dru\u0161tva nose s ratnim zlo\u010dinima i traumama, i kako to utje\u010de na pre\u017eivjele tih zlo\u010dina?<\/p>\n\n\n\n<p>\u2022 Kako se po\u010dinitelji mogu privesti pravdi?<\/p>\n\n\n\n<p>\u2022 Kako se pojedinci i obitelji nose s jo\u0161 uvijek aktivnom potragom za nestalima?<\/p>\n\n\n\n<p>Vi\u0161e o doga\u0111aju mo\u017eete prona\u0107i ovdje: <a href=\"https:\/\/fb.me\/e\/6oqfxjTX3\">https:\/\/fb.me\/e\/6oqfxjTX3<\/a><\/p>\n\n\n\n<p>Svoje sudjelovanje potrebno je potvrditi ovdje: <a href=\"https:\/\/tally.so\/r\/nr2qAL\">https:\/\/tally.so\/r\/nr2qAL<\/a><\/p>\n\n\n\n<hr class=\"wp-block-separator has-alpha-channel-opacity\"\/>\n\n\n\n<div data-wp-interactive=\"core\/file\" class=\"wp-block-file\"><object data-wp-bind--hidden=\"!state.hasPdfPreview\" hidden class=\"wp-block-file__embed\" data=\"https:\/\/historiografija.hr\/wp-content\/uploads\/2025\/01\/Invitation-LiveDebates.pdf\" type=\"application\/pdf\" style=\"width:100%;height:600px\" aria-label=\"Ugra\u0111eno Invitation LiveDebates.\"><\/object><a id=\"wp-block-file--media-a69d3347-3aa4-412d-b959-00d9cc7a5589\" href=\"https:\/\/historiografija.hr\/wp-content\/uploads\/2025\/01\/Invitation-LiveDebates.pdf\">Invitation LiveDebates<\/a><a href=\"https:\/\/historiografija.hr\/wp-content\/uploads\/2025\/01\/Invitation-LiveDebates.pdf\" class=\"wp-block-file__button wp-element-button\" download aria-describedby=\"wp-block-file--media-a69d3347-3aa4-412d-b959-00d9cc7a5589\">Preuzmi<\/a><\/div>\n\n\n\n<hr class=\"wp-block-separator has-alpha-channel-opacity\"\/>\n\n\n\n<p>Izvor:<\/p>\n\n\n\n<p><a href=\"https:\/\/www.facebook.com\/DocumentaZagreb\">https:\/\/www.facebook.com\/DocumentaZagreb<\/a><\/p>\n\n\n\n<hr class=\"wp-block-separator has-alpha-channel-opacity\"\/>\n\n\n\n<p><\/p>\n","protected":false},"excerpt":{"rendered":"","protected":false},"author":2,"featured_media":44295,"comment_status":"open","ping_status":"open","sticky":false,"template":"","format":"standard","meta":{"_acf_changed":false,"jetpack_post_was_ever_published":false,"_jetpack_newsletter_access":"","_jetpack_dont_email_post_to_subs":false,"_jetpack_newsletter_tier_id":0,"_jetpack_memberships_contains_paywalled_content":false,"_jetpack_memberships_contains_paid_content":false,"footnotes":"","jetpack_publicize_message":"","jetpack_publicize_feature_enabled":true,"jetpack_social_post_already_shared":true,"jetpack_social_options":{"image_generator_settings":{"template":"highway","default_image_id":0,"font":"","enabled":false},"version":2}},"categories":[3],"tags":[],"class_list":["post-44293","post","type-post","status-publish","format-standard","has-post-thumbnail","hentry","category-novosti"],"acf":{"facebook_opis":""},"jetpack_publicize_connections":[],"jetpack_featured_media_url":"https:\/\/i0.wp.com\/historiografija.hr\/wp-content\/uploads\/2025\/01\/Debates.jpg?fit=1080%2C1080&ssl=1","jetpack_sharing_enabled":true,"jetpack-related-posts":[],"_links":{"self":[{"href":"https:\/\/historiografija.hr\/index.php?rest_route=\/wp\/v2\/posts\/44293","targetHints":{"allow":["GET"]}}],"collection":[{"href":"https:\/\/historiografija.hr\/index.php?rest_route=\/wp\/v2\/posts"}],"about":[{"href":"https:\/\/historiografija.hr\/index.php?rest_route=\/wp\/v2\/types\/post"}],"author":[{"embeddable":true,"href":"https:\/\/historiografija.hr\/index.php?rest_route=\/wp\/v2\/users\/2"}],"replies":[{"embeddable":true,"href":"https:\/\/historiografija.hr\/index.php?rest_route=%2Fwp%2Fv2%2Fcomments&post=44293"}],"version-history":[{"count":2,"href":"https:\/\/historiografija.hr\/index.php?rest_route=\/wp\/v2\/posts\/44293\/revisions"}],"predecessor-version":[{"id":44297,"href":"https:\/\/historiografija.hr\/index.php?rest_route=\/wp\/v2\/posts\/44293\/revisions\/44297"}],"wp:featuredmedia":[{"embeddable":true,"href":"https:\/\/historiografija.hr\/index.php?rest_route=\/wp\/v2\/media\/44295"}],"wp:attachment":[{"href":"https:\/\/historiografija.hr\/index.php?rest_route=%2Fwp%2Fv2%2Fmedia&parent=44293"}],"wp:term":[{"taxonomy":"category","embeddable":true,"href":"https:\/\/historiografija.hr\/index.php?rest_route=%2Fwp%2Fv2%2Fcategories&post=44293"},{"taxonomy":"post_tag","embeddable":true,"href":"https:\/\/historiografija.hr\/index.php?rest_route=%2Fwp%2Fv2%2Ftags&post=44293"}],"curies":[{"name":"wp","href":"https:\/\/api.w.org\/{rel}","templated":true}]}}