{"id":44284,"date":"2025-01-13T17:18:06","date_gmt":"2025-01-13T17:18:06","guid":{"rendered":"https:\/\/historiografija.hr\/?p=44284"},"modified":"2025-01-13T17:18:46","modified_gmt":"2025-01-13T17:18:46","slug":"film-nebojse-slijepcevica-covjek-koji-nije-mogao-sutjeti-dobitnik-zlatne-palme-i-europske-filmske-nagrade-krece-u-kinodistribuciju","status":"publish","type":"post","link":"https:\/\/historiografija.hr\/?p=44284","title":{"rendered":"Film Neboj\u0161e Slijep\u010devi\u0107a \u201e\u010covjek koji nije mogao \u0161utjeti\u201c, dobitnik Zlatne palme i Europske filmske nagrade, kre\u0107e u kinodistribuciju"},"content":{"rendered":"\n<p>Nakon \u0161to je nagra\u0111en Zlatnom palmom u Cannesu i zatim u prosincu 2024. i Europskom filmskom nagradom, kratkometra\u017eni igrani film Neboj\u0161e Slijep\u010devi\u0107a \u201e\u010covjek koji nije mogao \u0161utjeti\u201c uskoro kre\u0107e u kinodistribuciju diljem Hrvatske. Kako isti\u010de HAVC, \u201eposve\u0107en zaboravljenom junaku Tomi Buzovu koji se 1993. u putni\u010dkom vlaku na liniji Beograd-Bar suprotstavio paravojnim snagama u akciji etni\u010dkog \u010di\u0161\u0107enja, <em>\u010covjek koji nije mogao \u0161utjeti<\/em> dirljiv je prilog ultimativnoj borbi protiv zlo\u010dina.\u201c<\/p>\n\n\n\n<hr class=\"wp-block-separator has-alpha-channel-opacity\"\/>\n\n\n\n<p>Izvori i dodatne obavijesti:<\/p>\n\n\n\n<p><a href=\"https:\/\/havc.hr\/infocentar\/novosti\/covjek-koji-nije-mogao-sutjeti-nebojse-slijepcevica-i-kad-svane-dan-runara-runarssona-zajedno-u-kinima-diljem-zemlje\">https:\/\/havc.hr\/infocentar\/novosti\/covjek-koji-nije-mogao-sutjeti-nebojse-slijepcevica-i-kad-svane-dan-runara-runarssona-zajedno-u-kinima-diljem-zemlje<\/a><\/p>\n\n\n\n<p><a href=\"https:\/\/havc.hr\/infocentar\/novosti\/covjek-koji-nije-mogao-sutjeti-nebojse-slijepcevica-u-najuzoj-selekciji-za-nominaciju-za-97-nagradu-oscar\">https:\/\/havc.hr\/infocentar\/novosti\/covjek-koji-nije-mogao-sutjeti-nebojse-slijepcevica-u-najuzoj-selekciji-za-nominaciju-za-97-nagradu-oscar<\/a><\/p>\n\n\n\n<p><a href=\"https:\/\/havc.hr\/infocentar\/novosti\/covjek-koji-nije-mogao-sutjeti-osvojio-europskog-oscara\">https:\/\/havc.hr\/infocentar\/novosti\/covjek-koji-nije-mogao-sutjeti-osvojio-europskog-oscara<\/a><\/p>\n\n\n\n<hr class=\"wp-block-separator has-alpha-channel-opacity\"\/>\n","protected":false},"excerpt":{"rendered":"","protected":false},"author":2,"featured_media":44285,"comment_status":"open","ping_status":"open","sticky":false,"template":"","format":"standard","meta":{"_acf_changed":false,"jetpack_post_was_ever_published":false,"_jetpack_newsletter_access":"","_jetpack_dont_email_post_to_subs":false,"_jetpack_newsletter_tier_id":0,"_jetpack_memberships_contains_paywalled_content":false,"_jetpack_memberships_contains_paid_content":false,"footnotes":"","jetpack_publicize_message":"","jetpack_publicize_feature_enabled":true,"jetpack_social_post_already_shared":true,"jetpack_social_options":{"image_generator_settings":{"template":"highway","default_image_id":0,"font":"","enabled":false},"version":2}},"categories":[13,3],"tags":[],"class_list":["post-44284","post","type-post","status-publish","format-standard","has-post-thumbnail","hentry","category-filmovi-i-serije","category-novosti"],"acf":{"facebook_opis":""},"jetpack_publicize_connections":[],"jetpack_featured_media_url":"https:\/\/i0.wp.com\/historiografija.hr\/wp-content\/uploads\/2025\/01\/Covjek.jpg?fit=700%2C400&ssl=1","jetpack_sharing_enabled":true,"jetpack-related-posts":[],"_links":{"self":[{"href":"https:\/\/historiografija.hr\/index.php?rest_route=\/wp\/v2\/posts\/44284","targetHints":{"allow":["GET"]}}],"collection":[{"href":"https:\/\/historiografija.hr\/index.php?rest_route=\/wp\/v2\/posts"}],"about":[{"href":"https:\/\/historiografija.hr\/index.php?rest_route=\/wp\/v2\/types\/post"}],"author":[{"embeddable":true,"href":"https:\/\/historiografija.hr\/index.php?rest_route=\/wp\/v2\/users\/2"}],"replies":[{"embeddable":true,"href":"https:\/\/historiografija.hr\/index.php?rest_route=%2Fwp%2Fv2%2Fcomments&post=44284"}],"version-history":[{"count":3,"href":"https:\/\/historiografija.hr\/index.php?rest_route=\/wp\/v2\/posts\/44284\/revisions"}],"predecessor-version":[{"id":44288,"href":"https:\/\/historiografija.hr\/index.php?rest_route=\/wp\/v2\/posts\/44284\/revisions\/44288"}],"wp:featuredmedia":[{"embeddable":true,"href":"https:\/\/historiografija.hr\/index.php?rest_route=\/wp\/v2\/media\/44285"}],"wp:attachment":[{"href":"https:\/\/historiografija.hr\/index.php?rest_route=%2Fwp%2Fv2%2Fmedia&parent=44284"}],"wp:term":[{"taxonomy":"category","embeddable":true,"href":"https:\/\/historiografija.hr\/index.php?rest_route=%2Fwp%2Fv2%2Fcategories&post=44284"},{"taxonomy":"post_tag","embeddable":true,"href":"https:\/\/historiografija.hr\/index.php?rest_route=%2Fwp%2Fv2%2Ftags&post=44284"}],"curies":[{"name":"wp","href":"https:\/\/api.w.org\/{rel}","templated":true}]}}