{"id":44272,"date":"2025-01-13T16:25:17","date_gmt":"2025-01-13T16:25:17","guid":{"rendered":"https:\/\/historiografija.hr\/?p=44272"},"modified":"2025-01-13T16:56:51","modified_gmt":"2025-01-13T16:56:51","slug":"predavanje-erica-usica-zidovi-pamte-grafiti-iz-drugog-svjetskog-rata-i-poraca-u-istri-u-puli","status":"publish","type":"post","link":"https:\/\/historiografija.hr\/?p=44272","title":{"rendered":"Predavanje Erica U\u0161i\u0107a \u201eZidovi pamte: Grafiti iz Drugog svjetskog rata i pora\u0107a u Istri\u201c u Puli"},"content":{"rendered":"\n<p><strong>\u201eZidovi pamte: Grafiti iz Drugog svjetskog rata i pora\u0107a u Istri\u201c&nbsp;<\/strong>naslov je predavanja&nbsp;koje \u0107e 15. sije\u010dnja u 18&nbsp;sati u Sveu\u010dili\u0161noj knji\u017enici u Puli odr\u017eati dr.sc. Eric U\u0161i\u0107.<\/p>\n\n\n\n<p><strong>O predavanju \u201eZidovi pamte: Grafiti iz Drugog svjetskog rata i pora\u0107a u Istri\u201c<\/strong> :<\/p>\n\n\n\n<p>Osamdeset godina nakon zavr\u0161etka Drugog svjetskog rata, diljem Istre mogu\u0107e je prona\u0107i na stotine crvenih grafita, odnosno parola koje su ispisivane tijekom i neposredno nakon rata. Parole poput \u201eViva Tito\u201c, \u201eHo\u0107emo Jugoslaviju\u201c ili \u201e\u017divio Staljin\u201c, kao i simboli poput crvene zvijezde ili srpa i \u010deki\u0107a, prenosile su poruke partizana i antifa\u0161isti\u010dkog otpora, socijalisti\u010dke revolucije te poslijeratne zahtjeve za priklju\u010denjem Jugoslaviji.<\/p>\n\n\n\n<p>Grafiti su pisani na hrvatskom i talijanskom jeziku, a ispisivali su ih prete\u017eito mladi aktivisti i aktivistkinje pokreta otpora. Danas, ovi pre\u017eivjeli grafiti stvaraju jedinstveni korpus tekstova i simbola u javnom prostoru, koje je mogu\u0107e shvatiti i kao specifi\u010dan krajolik sje\u0107anja i arhiv na otvorenom koji obilje\u017eava istarsko dvadeseto stolje\u0107e.<\/p>\n\n\n\n<p>Predavanje, koje se oslanja na vi\u0161egodi\u0161nje istra\u017eivanje istarskih grafita i nedavno objavljenu knjigu, podijeljeno je na dva dijela. U prvom dijelu, predstavit \u0107e se povijesna pozadina i razlozi nastanka grafita, s naglaskom na sje\u0107anja i iskustva samih autora&nbsp;parola. Drugi dio bit \u0107e posve\u0107en pregledu i analizi pre\u017eivjelih natpisa koji su dokumentirani tijekom terenskog rada po Istri, kao i prezentiranju mnogih primjera grafita u obliku fotografija.<\/p>\n\n\n\n<p><strong>O predava\u010du:<\/strong><br>Eric U\u0161i\u0107, kulturolog, ro\u0111en je 1992. godine u Puli. \u017divi u Vodnjanu. Diplomirao je na Filozofskom fakultetu u Rijeci, doktorirao na Fakultetu za dru\u0161tvene znanosti u Ljubljani. U svom se radu bavi kulturalnim studijima, kulturom sje\u0107anja i suvremenom povije\u0161\u0107u Istre. Autor je knjige \u201eZidovi pamte, Vizualna etnografija politi\u010dkih grafita iz Drugog svjetskog rata i pora\u0107a u Istri\u201c na kojoj se predavanje ponajvi\u0161e temelji, znanstvenih i stru\u010dnih \u010dlanaka, eseja, likovnih kritika i prijevoda s talijanskog na hrvatski jezik.<\/p>\n\n\n\n<p><strong>O organizatoru:<\/strong><br>Klub studenata povijesti &#8211; ISHA Pula osnovan je 2001. godine kao dio Me\u0111unarodne asocijacije International Students of History Association. Registriran je kao udruga 2016.godine od kada je aktivan u Registru udruga Ministarstva uprave Republike Hrvatske, a okuplja \u0161ezdesetak studenata povijesti Filozofskog fakulteta Sveu\u010dili\u0161ta Jurja Dobrile u Puli. Djelatnosti kluba su organiziranje predavanja, radionica, tribina, okruglih stolova, seminara i konferencija vezanih uz sadr\u017eaj povjesni\u010darske struke, kao i stru\u010dnih izleta te izdava\u010dka djelatnost putem objavljivanja \u010dasopisa &#8220;Epvlon&#8221;.<\/p>\n\n\n\n<p><strong>Vi\u0161e o Klubu studenata<\/strong>: <a href=\"https:\/\/ffpu.unipu.hr\/ffpu\/povijest\/studentske_organizacije_i_projekti\">https:\/\/ffpu.unipu.hr\/ffpu\/povijest\/studentske_organizacije_i_projekti<\/a><\/p>\n\n\n\n<hr class=\"wp-block-separator has-alpha-channel-opacity\"\/>\n\n\n\n<div data-wp-interactive=\"core\/file\" class=\"wp-block-file\"><object data-wp-bind--hidden=\"!state.hasPdfPreview\" hidden class=\"wp-block-file__embed\" data=\"https:\/\/historiografija.hr\/wp-content\/uploads\/2025\/01\/Poziv.pdf\" type=\"application\/pdf\" style=\"width:100%;height:600px\" aria-label=\"Ugra\u0111eno Poziv.\"><\/object><a id=\"wp-block-file--media-fea7fc99-61cc-4f81-8b18-81afe57705f3\" href=\"https:\/\/historiografija.hr\/wp-content\/uploads\/2025\/01\/Poziv.pdf\">Poziv<\/a><a href=\"https:\/\/historiografija.hr\/wp-content\/uploads\/2025\/01\/Poziv.pdf\" class=\"wp-block-file__button wp-element-button\" download aria-describedby=\"wp-block-file--media-fea7fc99-61cc-4f81-8b18-81afe57705f3\">Preuzmi<\/a><\/div>\n\n\n\n<hr class=\"wp-block-separator has-alpha-channel-opacity\"\/>\n\n\n\n<div data-wp-interactive=\"core\/file\" class=\"wp-block-file\"><object data-wp-bind--hidden=\"!state.hasPdfPreview\" hidden class=\"wp-block-file__embed\" data=\"https:\/\/historiografija.hr\/wp-content\/uploads\/2025\/01\/Plakat.pdf\" type=\"application\/pdf\" style=\"width:100%;height:600px\" aria-label=\"Ugra\u0111eno Plakat.\"><\/object><a id=\"wp-block-file--media-313b3e64-ad3b-4f79-ba1e-11f67d1cdd52\" href=\"https:\/\/historiografija.hr\/wp-content\/uploads\/2025\/01\/Plakat.pdf\">Plakat<\/a><a href=\"https:\/\/historiografija.hr\/wp-content\/uploads\/2025\/01\/Plakat.pdf\" class=\"wp-block-file__button wp-element-button\" download aria-describedby=\"wp-block-file--media-313b3e64-ad3b-4f79-ba1e-11f67d1cdd52\">Preuzmi<\/a><\/div>\n\n\n\n<hr class=\"wp-block-separator has-alpha-channel-opacity\"\/>\n\n\n\n<p>Izvor:<\/p>\n\n\n\n<p><a href=\"https:\/\/skpu.unipu.hr\/skpu\/novosti?@=2fkg2#news_152563\">https:\/\/skpu.unipu.hr\/skpu\/novosti?@=2fkg2#news_152563<\/a><\/p>\n\n\n\n<hr class=\"wp-block-separator has-alpha-channel-opacity\"\/>\n","protected":false},"excerpt":{"rendered":"","protected":false},"author":2,"featured_media":44273,"comment_status":"open","ping_status":"open","sticky":false,"template":"","format":"standard","meta":{"_acf_changed":false,"jetpack_post_was_ever_published":false,"_jetpack_newsletter_access":"","_jetpack_dont_email_post_to_subs":false,"_jetpack_newsletter_tier_id":0,"_jetpack_memberships_contains_paywalled_content":false,"_jetpack_memberships_contains_paid_content":false,"footnotes":"","jetpack_publicize_message":"","jetpack_publicize_feature_enabled":true,"jetpack_social_post_already_shared":true,"jetpack_social_options":{"image_generator_settings":{"template":"highway","default_image_id":0,"font":"","enabled":false},"version":2}},"categories":[3],"tags":[],"class_list":["post-44272","post","type-post","status-publish","format-standard","has-post-thumbnail","hentry","category-novosti"],"acf":{"facebook_opis":""},"jetpack_publicize_connections":[],"jetpack_featured_media_url":"https:\/\/i0.wp.com\/historiografija.hr\/wp-content\/uploads\/2025\/01\/Usic_predavanje.jpg?fit=800%2C450&ssl=1","jetpack_sharing_enabled":true,"jetpack-related-posts":[],"_links":{"self":[{"href":"https:\/\/historiografija.hr\/index.php?rest_route=\/wp\/v2\/posts\/44272","targetHints":{"allow":["GET"]}}],"collection":[{"href":"https:\/\/historiografija.hr\/index.php?rest_route=\/wp\/v2\/posts"}],"about":[{"href":"https:\/\/historiografija.hr\/index.php?rest_route=\/wp\/v2\/types\/post"}],"author":[{"embeddable":true,"href":"https:\/\/historiografija.hr\/index.php?rest_route=\/wp\/v2\/users\/2"}],"replies":[{"embeddable":true,"href":"https:\/\/historiografija.hr\/index.php?rest_route=%2Fwp%2Fv2%2Fcomments&post=44272"}],"version-history":[{"count":5,"href":"https:\/\/historiografija.hr\/index.php?rest_route=\/wp\/v2\/posts\/44272\/revisions"}],"predecessor-version":[{"id":44280,"href":"https:\/\/historiografija.hr\/index.php?rest_route=\/wp\/v2\/posts\/44272\/revisions\/44280"}],"wp:featuredmedia":[{"embeddable":true,"href":"https:\/\/historiografija.hr\/index.php?rest_route=\/wp\/v2\/media\/44273"}],"wp:attachment":[{"href":"https:\/\/historiografija.hr\/index.php?rest_route=%2Fwp%2Fv2%2Fmedia&parent=44272"}],"wp:term":[{"taxonomy":"category","embeddable":true,"href":"https:\/\/historiografija.hr\/index.php?rest_route=%2Fwp%2Fv2%2Fcategories&post=44272"},{"taxonomy":"post_tag","embeddable":true,"href":"https:\/\/historiografija.hr\/index.php?rest_route=%2Fwp%2Fv2%2Ftags&post=44272"}],"curies":[{"name":"wp","href":"https:\/\/api.w.org\/{rel}","templated":true}]}}