{"id":44269,"date":"2025-01-13T16:03:44","date_gmt":"2025-01-13T16:03:44","guid":{"rendered":"https:\/\/historiografija.hr\/?p=44269"},"modified":"2025-01-13T16:03:44","modified_gmt":"2025-01-13T16:03:44","slug":"zbornik-radova-oratio-pro-croatia-govor-za-hrvatsku-500-obljetnica-1522-2022","status":"publish","type":"post","link":"https:\/\/historiografija.hr\/?p=44269","title":{"rendered":"Zbornik radova \u201eOratio pro Croatia \u2013 Govor za Hrvatsku. 500. obljetnica (1522. \u2013 2022.)\u201c"},"content":{"rendered":"\n<p>ARVALIS, 2024.<\/p>\n\n\n\n<p>ISBN 978-953-8068-43-0<\/p>\n\n\n\n<p>212 stranica &#8211; 16 x 23 cm &#8211; meki uvez<\/p>\n\n\n\n<hr class=\"wp-block-separator has-alpha-channel-opacity\"\/>\n\n\n\n<p>Govor za Hrvatsku (Oratio pro Croatia) hrvatskog velika\u0161a, kneza senjskog, kr\u010dkog, modru\u0161kog itd., Bernardina Frankapana (1453. \u2013 prije 5. VI. 1530.) koji je kao poslanik Hrvatskog sabora odr\u017eao u N\u00fcrnbergu \u2013 u tri navrata, i to 19. studenoga, 22. studenoga i 10. prosinca 1522. \u2013 pred stale\u017eima Njema\u010dkog dr\u017eavnog sabora\/parlamenta. To je opsegom u kona\u010dnici nevelik govor na latinskom jeziku, ali zna\u010denjem i porukom iznimno va\u017ean spis nastao u turbulentnom razdoblju hrvatske, ali i (srednjo)europske kasnosrednjovjekovne odnosno ranonovovjekovne povijesti. Njime se za Hrvatsku, a time zapravo i za cjelokupno Sveto Rimsko Carstvo, tra\u017ei hitna svekolika pomo\u0107 za obranu od Turaka Osmanlija. Govor je potom tiskan u n\u00fcrnber\u0161koj tiskari Friedricha Peypusa, po svemu sude\u0107i izme\u0111u 24. i 28. studenoga 1522. godine s temeljnom funkcijom kao letka odnosno pamfleta kojim se apelira i agitira odgovorne na (re)akciju. Njegov latinski naslov glasi: Bernardini de Frangepanibus comitis Segniae, Vegliae, Modrusiique etc. Oratio pro Croatia N\u00fcrenbergae in Senatu Principum Germaniae habita XIII. Cal. Decemb. An. Ch. M.D.XXII. U navedenu govoru, vrijedi na to ponovno ukazati, Hrvatska je apostrofirana kao \u0161tit i vrata kr\u0161\u0107anstva.<\/p>\n\n\n\n<p>Zbornik radova znanstvene tribine:&nbsp;Obilje\u017eavanje 500. obljetnice Govora za Hrvatsku (Oratio pro Croatia)&nbsp;Bernardina Frankapana Modru\u0161kog, odr\u017eanoga u N\u00fcrnbergu 1522. godine, koju su zajedni\u010dki organizirali u Ogulinu 1. i 2. listopada 2022. godine Ogranak Matice hrvatske u Ogulinu, Odjel za povijest Matice hrvatske (Zagreb) i Katedra \u010cakavskoga sabora Modru\u0161e.<\/p>\n\n\n\n<hr class=\"wp-block-separator has-alpha-channel-opacity\"\/>\n\n\n\n<p>Izvor:<\/p>\n\n\n\n<p><a href=\"http:\/\/arvalis.hr\/knjige\/Oratio%20pro%20Croatia\/Oratio%20pro%20Croatia.html\">http:\/\/arvalis.hr\/knjige\/Oratio%20pro%20Croatia\/Oratio%20pro%20Croatia.html<\/a><\/p>\n\n\n\n<hr class=\"wp-block-separator has-alpha-channel-opacity\"\/>\n","protected":false},"excerpt":{"rendered":"","protected":false},"author":2,"featured_media":44270,"comment_status":"open","ping_status":"open","sticky":false,"template":"","format":"standard","meta":{"_acf_changed":false,"jetpack_post_was_ever_published":false,"_jetpack_newsletter_access":"","_jetpack_dont_email_post_to_subs":false,"_jetpack_newsletter_tier_id":0,"_jetpack_memberships_contains_paywalled_content":false,"_jetpack_memberships_contains_paid_content":false,"footnotes":"","jetpack_publicize_message":"","jetpack_publicize_feature_enabled":true,"jetpack_social_post_already_shared":true,"jetpack_social_options":{"image_generator_settings":{"template":"highway","default_image_id":0,"font":"","enabled":false},"version":2}},"categories":[8,3],"tags":[],"class_list":["post-44269","post","type-post","status-publish","format-standard","has-post-thumbnail","hentry","category-knjige","category-novosti"],"acf":{"facebook_opis":""},"jetpack_publicize_connections":[],"jetpack_featured_media_url":"https:\/\/i0.wp.com\/historiografija.hr\/wp-content\/uploads\/2025\/01\/Oratio_pro_Croatia.png?fit=567%2C799&ssl=1","jetpack_sharing_enabled":true,"jetpack-related-posts":[],"_links":{"self":[{"href":"https:\/\/historiografija.hr\/index.php?rest_route=\/wp\/v2\/posts\/44269","targetHints":{"allow":["GET"]}}],"collection":[{"href":"https:\/\/historiografija.hr\/index.php?rest_route=\/wp\/v2\/posts"}],"about":[{"href":"https:\/\/historiografija.hr\/index.php?rest_route=\/wp\/v2\/types\/post"}],"author":[{"embeddable":true,"href":"https:\/\/historiografija.hr\/index.php?rest_route=\/wp\/v2\/users\/2"}],"replies":[{"embeddable":true,"href":"https:\/\/historiografija.hr\/index.php?rest_route=%2Fwp%2Fv2%2Fcomments&post=44269"}],"version-history":[{"count":1,"href":"https:\/\/historiografija.hr\/index.php?rest_route=\/wp\/v2\/posts\/44269\/revisions"}],"predecessor-version":[{"id":44271,"href":"https:\/\/historiografija.hr\/index.php?rest_route=\/wp\/v2\/posts\/44269\/revisions\/44271"}],"wp:featuredmedia":[{"embeddable":true,"href":"https:\/\/historiografija.hr\/index.php?rest_route=\/wp\/v2\/media\/44270"}],"wp:attachment":[{"href":"https:\/\/historiografija.hr\/index.php?rest_route=%2Fwp%2Fv2%2Fmedia&parent=44269"}],"wp:term":[{"taxonomy":"category","embeddable":true,"href":"https:\/\/historiografija.hr\/index.php?rest_route=%2Fwp%2Fv2%2Fcategories&post=44269"},{"taxonomy":"post_tag","embeddable":true,"href":"https:\/\/historiografija.hr\/index.php?rest_route=%2Fwp%2Fv2%2Ftags&post=44269"}],"curies":[{"name":"wp","href":"https:\/\/api.w.org\/{rel}","templated":true}]}}