{"id":44265,"date":"2025-01-10T21:10:27","date_gmt":"2025-01-10T21:10:27","guid":{"rendered":"https:\/\/historiografija.hr\/?p=44265"},"modified":"2025-01-10T21:11:09","modified_gmt":"2025-01-10T21:11:09","slug":"izlozba-inie-herencic-susret-na-tromedi-u-zagrebu","status":"publish","type":"post","link":"https:\/\/historiografija.hr\/?p=44265","title":{"rendered":"Izlo\u017eba Inie Heren\u010di\u0107 &#8220;Susret na trome\u0111i&#8221; u Zagrebu"},"content":{"rendered":"\n<p><strong>U subotu, 11. sije\u010dnja 2025. u 19 sati u Galeriji na katu Kulturno informativnog centra u Preradovi\u0107evoj 5<\/strong>, otvara se izlo\u017eba <em><strong>Susret na Trome\u0111i<\/strong><\/em>, autorice <strong>Inie Heren\u010di\u0107,<\/strong> nastala u produkciji <strong>Srpskog narodnog vije\u0107a<\/strong>.<\/p>\n\n\n\n<p>Izlo\u017eba je inicijalno planirana u suradnji sa sinjskom<strong> Gradskom galerijom Sikirica <\/strong>u rujnu 2024., no zabranjena je odlukom sinjskog gradona\u010delnika.<br><br>Rije\u010d je o ciklusu fotografija koje prate tradicionalnu kulturnu manifestaciju <em>Sijelo Trome\u0111e<\/em> koja se odvija u selu Strmica kontinuirano ve\u0107 vi\u0161e od pola stolje\u0107a. Manifestacija predstavlja prvenstveno narodne obi\u010daje hrvatskih Srba, ali i onih iz susjednih zemalja. Uz dru\u0161tva iz Srbije, Bosne i Hercegovine, a odnedavno i Slovenije koja izvode uglavnom folklorne koreografije, na <em>Sijelu Trome\u0111e<\/em> naj\u010de\u0161\u0107e nastupaju dru\u0161tva iz obli\u017enjih podru\u010dja (Like, Bukovice, Banije). Na manifestaciji se izvodi mahom izvorni, vokalni i instrumentalni repertoar dinarskog kraja.<br><br>Kustosica <strong>Ana \u017danko<\/strong> pi\u0161e o izlo\u017ebi: \u201eTrome\u0111a je u prvom redu stvarna, konkretna geografska odrednica uskog prostora na kojem se dodiruju Lika, Dalmacija i Bosna te na kojem su kroz povijest supostojale razli\u010dite kulture i me\u0111usobno se isprepletale \u2013 kultura hrvatskih Srba, Hrvata i Bo\u0161njaka. Ta trome\u0111a, u geografskom smislu granice, razgrani\u010denja, na fotografijama Inije Heren\u010di\u0107 ne postoji. Na njenim fotografijama ostaje zabilje\u017eena ona druga trome\u0111a \u2013 trome\u0111a pro\u0161losti, sada\u0161njosti i budu\u0107nosti \u2013 koja se preta\u010de i rasta\u010de u prizorima koji podjednako mogu biti sada i ovdje, a mogu biti i tamo i onda \u2013 prije ili poslije.\u201c<br><br>Sinjska Gradska galerija Sikirica poznata je po svojoj posve\u0107enosti \u010duvanja i aktualiziranja tradicijske ba\u0161tine kroz Kami\u010dak Etno festival. Uz nacionalnu koordinaciju Srba u Hrvatskoj, koja suorganizira <em>Sijelo Trome\u0111e<\/em>, te mje\u0161tane i mje\u0161tanke sela Strmica. Nastajanju i realiziranju izlo\u017ebe doprinijele su Ana \u017danko i Dragana Modri\u0107, kustosice Gradske galerije Sikirica, Tena Bak\u0161aj, povjesni\u010darka umjetnosti i kustosica, te Jelka Vukobratovi\u0107, etnomuzikologinja. Projekt je podr\u017eao Ured za ljudska prava i prava nacionalnih manjina Vlade Republike Hrvatske.<br><br>O autorici fotografija iz teksta <strong>Ane \u017danko<\/strong>:<\/p>\n\n\n\n<p><strong>Inia Heren\u010di\u0107<\/strong> suvremena je hrvatska fotografkinja i umjetni\u010dkoj i fotografskoj sceni ve\u0107 svima dobro poznato ime. Izlagala je na brojnim skupnim izlo\u017ebama, dobitnica je i nekih uva\u017eenih nagrada, a iza nje su i dvije samostalne, studentske izlo\u017ebe \u2013 <em>Tu ni\u0161ta ne raste samo od sebe<\/em> (ispitna izlo\u017eba na diplomskom studiju fotografije na Akademiji dramskih umjetnosti, 2022.) i diplomska izlo\u017eba <em>Mama, di sam?<\/em> (2023.), koje su privukle zna\u010dajnu pa\u017enju \u0161ire javnosti. U navedenim fotografskim ciklusima prepoznatljiv je autorski potpis i specifi\u010dan magijski ambijent koji svojim fotoaparatom (re)kreira <strong>Inia Heren\u010di\u0107<\/strong>. Na njenim fotografijama izma\u0161tani su svjetovi \u2013 bilo da je rije\u010d o s(vj)etovima dje\u010dje igre, odrastanja i iskustva maj\u010dinstva (ciklus <em>Tu ni\u0161ta ne raste samo od sebe<\/em>), bilo da govorimo o svjetovima plesnog podija, tijela, pokreta i after partyja (ciklus <em>Mama, di sam?<\/em>), fotografije<strong> Inie Heren\u010di\u0107<\/strong> omamljuju\u0107e balansiraju na granici fakcije i fikacije. Suptilnost autorske geste, tehni\u010dka suverenost i umije\u0107e vizualnog pripovijedanja jest ono \u0161to rad <strong>Inie Heren\u010di\u0107<\/strong> \u010dini prepoznatljivim i \u0161to je izdvaja u fotografskoj hiperprodukciji na doma\u0107oj sceni.<br><br><strong>Susret na Trome\u0111i<\/strong> mo\u017eete pogledati u <strong>Galeriji na katu<\/strong> do <strong>17. sije\u010dnja.<\/strong><\/p>\n\n\n\n<hr class=\"wp-block-separator has-alpha-channel-opacity\"\/>\n\n\n\n<p>Izvor:<\/p>\n\n\n\n<p><a href=\"https:\/\/www.kic.hr\/program\/galerija-na-katu\/inia-herencic-susret-na-tromedi-otvorenje-izlozbe\">https:\/\/www.kic.hr\/program\/galerija-na-katu\/inia-herencic-susret-na-tromedi-otvorenje-izlozbe<\/a><\/p>\n\n\n\n<hr class=\"wp-block-separator has-alpha-channel-opacity\"\/>\n","protected":false},"excerpt":{"rendered":"","protected":false},"author":2,"featured_media":44266,"comment_status":"open","ping_status":"open","sticky":false,"template":"","format":"standard","meta":{"_acf_changed":false,"jetpack_post_was_ever_published":false,"_jetpack_newsletter_access":"","_jetpack_dont_email_post_to_subs":false,"_jetpack_newsletter_tier_id":0,"_jetpack_memberships_contains_paywalled_content":false,"_jetpack_memberships_contains_paid_content":false,"footnotes":"","jetpack_publicize_message":"","jetpack_publicize_feature_enabled":true,"jetpack_social_post_already_shared":true,"jetpack_social_options":{"image_generator_settings":{"template":"highway","default_image_id":0,"font":"","enabled":false},"version":2}},"categories":[10,3],"tags":[],"class_list":["post-44265","post","type-post","status-publish","format-standard","has-post-thumbnail","hentry","category-izlozbe","category-novosti"],"acf":{"facebook_opis":""},"jetpack_publicize_connections":[],"jetpack_featured_media_url":"https:\/\/i0.wp.com\/historiografija.hr\/wp-content\/uploads\/2025\/01\/Izlozba_KIC.jpg?fit=542%2C369&ssl=1","jetpack_sharing_enabled":true,"jetpack-related-posts":[],"_links":{"self":[{"href":"https:\/\/historiografija.hr\/index.php?rest_route=\/wp\/v2\/posts\/44265","targetHints":{"allow":["GET"]}}],"collection":[{"href":"https:\/\/historiografija.hr\/index.php?rest_route=\/wp\/v2\/posts"}],"about":[{"href":"https:\/\/historiografija.hr\/index.php?rest_route=\/wp\/v2\/types\/post"}],"author":[{"embeddable":true,"href":"https:\/\/historiografija.hr\/index.php?rest_route=\/wp\/v2\/users\/2"}],"replies":[{"embeddable":true,"href":"https:\/\/historiografija.hr\/index.php?rest_route=%2Fwp%2Fv2%2Fcomments&post=44265"}],"version-history":[{"count":2,"href":"https:\/\/historiografija.hr\/index.php?rest_route=\/wp\/v2\/posts\/44265\/revisions"}],"predecessor-version":[{"id":44268,"href":"https:\/\/historiografija.hr\/index.php?rest_route=\/wp\/v2\/posts\/44265\/revisions\/44268"}],"wp:featuredmedia":[{"embeddable":true,"href":"https:\/\/historiografija.hr\/index.php?rest_route=\/wp\/v2\/media\/44266"}],"wp:attachment":[{"href":"https:\/\/historiografija.hr\/index.php?rest_route=%2Fwp%2Fv2%2Fmedia&parent=44265"}],"wp:term":[{"taxonomy":"category","embeddable":true,"href":"https:\/\/historiografija.hr\/index.php?rest_route=%2Fwp%2Fv2%2Fcategories&post=44265"},{"taxonomy":"post_tag","embeddable":true,"href":"https:\/\/historiografija.hr\/index.php?rest_route=%2Fwp%2Fv2%2Ftags&post=44265"}],"curies":[{"name":"wp","href":"https:\/\/api.w.org\/{rel}","templated":true}]}}