{"id":44262,"date":"2025-01-10T21:01:50","date_gmt":"2025-01-10T21:01:50","guid":{"rendered":"https:\/\/historiografija.hr\/?p=44262"},"modified":"2025-01-10T21:01:50","modified_gmt":"2025-01-10T21:01:50","slug":"kresimir-micanovic-vlast-i-pravopis","status":"publish","type":"post","link":"https:\/\/historiografija.hr\/?p=44262","title":{"rendered":"Kre\u0161imir Mi\u0107anovi\u0107, \u201eVlast i pravopis\u201c"},"content":{"rendered":"\n<p>Kre\u0161imir Mi\u0107anovi\u0107 u knjizi <em>Vlast i pravopis<\/em> prikazuje povijest hrvatskog pravopisa od sredine 19. stolje\u0107a do konca 1990. godine te jezi\u010dnopoliti\u010dke okolnosti u kojima pravopisna knjiga intervencijom vlasti dobiva status slu\u017ebenog pravopisa.<\/p>\n\n\n\n<p>Intrigantno i vje\u0161to napisana, knjiga <em>Vlast i pravopis<\/em> donosi brojne nove poglede o tome kako su tekli procesi oblikovanja hrvatskih pravopisnih normi te pokazuje \u010desto slo\u017een i zamr\u0161en odnos politike i filologije. Od propisivanja \u201efoneti\u010dkog pravopisa\u201c oko 1880. do osnutka Pravopisne komisije koja je trebala provesti pravopisnu unifikaciju u me\u0111uratnom razdoblju, od pravopisnih prijepora u Nezavisnoj Dr\u017eavi Hrvatskoj do Novosadskog dogovora i zabrane <em>Hrvatskoga pravopisa<\/em> iz 1971, povijest pravopisnoga normiranja u hrvatskom se primjeru pokazuje kao prvorazredan politi\u010dki triler.<\/p>\n\n\n\n<p>Pravopisna problematika nedvojbeno nosi identitetske i politi\u010dke naboje. U hrvatskom slu\u010daju ti su naboji oja\u010dani svime \u0161to je hrvatski jezik kao izraz hrvatske kulture prolazio kroz neobi\u010dno slo\u017eene povijesne okolnosti, a najva\u017enija je me\u0111u njima odnos prema srpskom jeziku. Pravopis je \u010desto bio najvidljivija i naju\u017earenija slika borbe kojom se dokazivala ili nijekala hrvatska jezi\u010dna posebnost. Knjiga Kre\u0161imira Mi\u0107anovi\u0107a to precizno pokazuje.<\/p>\n\n\n\n<hr class=\"wp-block-separator has-alpha-channel-opacity\"\/>\n\n\n\n<p>Biblioteka THEORIA \/ \u0398\u0395\u03a9\u03a1\u0399\u0391. Novi niz, glavni urednik Luka \u0160eput, izvr\u0161na urednica Romana Horvat, recenzenti Stjepan Damjanovi\u0107 i Ivan Markovi\u0107, likovno oblikovanje Luka Gusi\u0107, grafi\u010dki urednik Pavao Damjanovi\u0107, tisak Kesrschoffset d.o.o., Zagreb \u2013 Knjiga je opremljena imenskim kazalom, opse\u017enom bibliografijom te slikovnim prilozima.<\/p>\n\n\n\n<hr class=\"wp-block-separator has-alpha-channel-opacity\"\/>\n\n\n\n<p>Izdava\u010d: Matica hrvatska<\/p>\n\n\n\n<p>Godina izdanja: 2024.<\/p>\n\n\n\n<p>Broj stranica: 355<\/p>\n\n\n\n<hr class=\"wp-block-separator has-alpha-channel-opacity\"\/>\n\n\n\n<p>Izvor i dodatne obavijesti:<\/p>\n\n\n\n<p><a href=\"https:\/\/www.matica.hr\/knjige\/vlast-i-pravopis-1463\">https:\/\/www.matica.hr\/knjige\/vlast-i-pravopis-1463<\/a><\/p>\n\n\n\n<hr class=\"wp-block-separator has-alpha-channel-opacity\"\/>\n","protected":false},"excerpt":{"rendered":"","protected":false},"author":2,"featured_media":44263,"comment_status":"open","ping_status":"open","sticky":false,"template":"","format":"standard","meta":{"_acf_changed":false,"jetpack_post_was_ever_published":false,"_jetpack_newsletter_access":"","_jetpack_dont_email_post_to_subs":false,"_jetpack_newsletter_tier_id":0,"_jetpack_memberships_contains_paywalled_content":false,"_jetpack_memberships_contains_paid_content":false,"footnotes":"","jetpack_publicize_message":"","jetpack_publicize_feature_enabled":true,"jetpack_social_post_already_shared":true,"jetpack_social_options":{"image_generator_settings":{"template":"highway","default_image_id":0,"font":"","enabled":false},"version":2}},"categories":[8,3],"tags":[],"class_list":["post-44262","post","type-post","status-publish","format-standard","has-post-thumbnail","hentry","category-knjige","category-novosti"],"acf":{"facebook_opis":""},"jetpack_publicize_connections":[],"jetpack_featured_media_url":"https:\/\/i0.wp.com\/historiografija.hr\/wp-content\/uploads\/2025\/01\/Vlast-i-pravopis.jpeg?fit=300%2C429&ssl=1","jetpack_sharing_enabled":true,"jetpack-related-posts":[],"_links":{"self":[{"href":"https:\/\/historiografija.hr\/index.php?rest_route=\/wp\/v2\/posts\/44262","targetHints":{"allow":["GET"]}}],"collection":[{"href":"https:\/\/historiografija.hr\/index.php?rest_route=\/wp\/v2\/posts"}],"about":[{"href":"https:\/\/historiografija.hr\/index.php?rest_route=\/wp\/v2\/types\/post"}],"author":[{"embeddable":true,"href":"https:\/\/historiografija.hr\/index.php?rest_route=\/wp\/v2\/users\/2"}],"replies":[{"embeddable":true,"href":"https:\/\/historiografija.hr\/index.php?rest_route=%2Fwp%2Fv2%2Fcomments&post=44262"}],"version-history":[{"count":1,"href":"https:\/\/historiografija.hr\/index.php?rest_route=\/wp\/v2\/posts\/44262\/revisions"}],"predecessor-version":[{"id":44264,"href":"https:\/\/historiografija.hr\/index.php?rest_route=\/wp\/v2\/posts\/44262\/revisions\/44264"}],"wp:featuredmedia":[{"embeddable":true,"href":"https:\/\/historiografija.hr\/index.php?rest_route=\/wp\/v2\/media\/44263"}],"wp:attachment":[{"href":"https:\/\/historiografija.hr\/index.php?rest_route=%2Fwp%2Fv2%2Fmedia&parent=44262"}],"wp:term":[{"taxonomy":"category","embeddable":true,"href":"https:\/\/historiografija.hr\/index.php?rest_route=%2Fwp%2Fv2%2Fcategories&post=44262"},{"taxonomy":"post_tag","embeddable":true,"href":"https:\/\/historiografija.hr\/index.php?rest_route=%2Fwp%2Fv2%2Ftags&post=44262"}],"curies":[{"name":"wp","href":"https:\/\/api.w.org\/{rel}","templated":true}]}}