{"id":44259,"date":"2025-01-10T20:51:33","date_gmt":"2025-01-10T20:51:33","guid":{"rendered":"https:\/\/historiografija.hr\/?p=44259"},"modified":"2025-01-10T20:51:33","modified_gmt":"2025-01-10T20:51:33","slug":"heni-erceg-cetiri-magarca-apokalipse-razgovori-u-devedesetima","status":"publish","type":"post","link":"https:\/\/historiografija.hr\/?p=44259","title":{"rendered":"Heni Erceg, \u201e\u010cetiri magarca apokalipse. Razgovori u devedesetima\u201c"},"content":{"rendered":"\n<p>Naslov ove knjige dosjetka je Vesne Parun, jedne od najve\u0107ih hrvatskih pjesnikinja, koju je upotrijebila u intervjuu \u0161to ga je Heni Erceg vodila s njom u sije\u010dnju 1996. godine za tjednik Feral Tribune. \u201e\u010cetiri magarca apokalipse\u201c za Parunovu jesu filozofija, poezija, politika i televizija, zahvaljuju\u0107i \u010dijem je kombiniranom nastupu, veli, \u201eslobodna Hrvatska danas slika i prilika svijeta u malom\u201c: \u201eFilozofija nam je u mi\u0161joj rupi, poezija u arhivima pro\u0161losti, politika u dnevnom i tjednom tisku, a njeno bo\u017eanstvo televizija na marketin\u0161kom smetli\u0161tu povijesti.\u201c Radi se dakle o devedesetim godinama pro\u0161loga stolje\u0107a. Kao vremenska kolijevka dvaju centralnih mitova suvremene Hrvatske \u2013 \u201edomovinskog rata\u201c i \u201estvaranja dr\u017eave\u201c \u2013 devedesete danas u\u017eivaju poseban status u kolektivnoj memoriji, i to na na\u010din da se sa slu\u017ebenih instanci poduzima sve kako bi \u201eslavno razdoblje\u201c bilo \u0161to podrobnije kozmeti\u010dki obra\u0111eno, o\u010di\u0161\u0107eno od neugodnih \u010dinjenica i istina koje su ga obilje\u017eavale. Legende su nadre\u0111ene faktima. Romantizam je potisnuo realizam. Ru\u017ei\u010dasto je pretpostavljeno prljavosivom. Izvorni mrak nestaje pod sna\u017enom retroaktivnom iluminacijom i vatrometima koji se prire\u0111uju na posebne datume. Dana\u0161nja oficijelna slika Franje Tu\u0111mana i njegova re\u017eima iz doba dr\u017eavotvornog zanosa i buktanja nacionalisti\u010dkih strasti uglavnom je plod spomeni\u010dkog, a ne historiografskog pristupa \u201etemi\u201c. Ova knjiga je ne\u0161to drugo. Ona ima respekt prema spomenicima koliko i zapaljeni \u0161tapin dinamita. Najprije zato \u0161to svjedoci okupljeni u njoj reagiraju in vivo \u2013 naime: o devedesetima govore u devedesetima \u2013 a potom i zbog toga \u0161to sam izbor svjedoka, nastao iz rije\u0161enosti Heni Erceg da u vremenu uniformi i sveop\u0107eg jednoumlja traga za glasovima otpora, nipo\u0161to ne odgovara onda\u0161njim dr\u017eavotvornim normativima, a bogme ni dana\u0161njim. U tematskom pogledu, pak, dosjetka Vesne Parun pokazuje se pogo\u0111enom, jer precizno locira polja s kojih su magare\u0107e snage \u201eOca dr\u017eave\u201c sijale ponajve\u0107u dru\u0161tvenu \u0161tetu: ideologiju, kulturu, politi\u010dku vlast i medijsku propagandu. Autorica je izabrala intervjue sa \u0161ezdesetak intelektualaca koje je vodila u periodu od 1993. do 1997. godine i objavljivala u tada\u0161njem Feralu. Ve\u0107ina njenih sugovornika pripadala je soju dru\u0161tvenih otpadnika: piscima, znanstvenicima, glumcima, redateljima, slikarima, glazbenicima\u2026 koji su zbog nepristajanja navladaju\u0107u nacionalisti\u010dku ideologiju ponijeli etikete izdajnika, neprijatelja ili sumnjivaca, te bivali dega\u017eirani na dru\u0161tvenu marginu, tako da im se knjige nisu \u0161tampale, ili su im filmovi bunkerirani, ili su im predstave zabranjivane, poput Slobodana \u0160najdera, Rajka Grli\u0107a ili Izeta Hajdarhod\u017ei\u0107a, ili su pak razli\u010ditim vidovima nasilja bili i doslovno prognani iz zemlje, poput Rade \u0160erbed\u017eije, Mire Furlan ili Dubravke Ugre\u0161i\u0107.<\/p>\n\n\n\n<p>Iz predgovora Viktora Ivan\u010di\u0107a<\/p>\n\n\n\n<hr class=\"wp-block-separator has-alpha-channel-opacity\"\/>\n\n\n\n<p>Izdava\u010d: Ex Libris<\/p>\n\n\n\n<p>Mjesto izdanja: Rijeka<\/p>\n\n\n\n<p>Godina: 2024<\/p>\n\n\n\n<p>Broj stranica: 622<\/p>\n\n\n\n<hr class=\"wp-block-separator has-alpha-channel-opacity\"\/>\n\n\n\n<p>Izvor:<\/p>\n\n\n\n<p><a href=\"https:\/\/knjiga.hr\/cetiri-magarca-apokalipse-razgovori-u-devedesetima-heni-erceg-1\">https:\/\/knjiga.hr\/cetiri-magarca-apokalipse-razgovori-u-devedesetima-heni-erceg-1<\/a><\/p>\n\n\n\n<hr class=\"wp-block-separator has-alpha-channel-opacity\"\/>\n\n\n\n<p>Iz medija:<\/p>\n\n\n\n<p><a href=\"https:\/\/lupiga.com\/vijesti\/cetiri-magarca-apokalipse-podzemne-devedesete-ili-arhiv-nepristajanja\">https:\/\/lupiga.com\/vijesti\/cetiri-magarca-apokalipse-podzemne-devedesete-ili-arhiv-nepristajanja<\/a><\/p>\n\n\n\n<figure class=\"wp-block-embed is-type-wp-embed is-provider-tacno-net wp-block-embed-tacno-net\"><div class=\"wp-block-embed__wrapper\">\n<blockquote class=\"wp-embedded-content\" data-secret=\"oep1Vbu4FN\"><a href=\"https:\/\/tacno.net\/intervjui-iz-buducnosti\/\">Intervjui iz budu\u0107nosti<\/a><\/blockquote><iframe loading=\"lazy\" class=\"wp-embedded-content\" sandbox=\"allow-scripts\" security=\"restricted\" style=\"position: absolute; visibility: hidden;\" title=\"&#8220;Intervjui iz budu\u0107nosti&#8221; &#8212; Tacno.net\" src=\"https:\/\/tacno.net\/intervjui-iz-buducnosti\/embed\/#?secret=D1TEsiRDLr#?secret=oep1Vbu4FN\" data-secret=\"oep1Vbu4FN\" width=\"600\" height=\"338\" frameborder=\"0\" marginwidth=\"0\" marginheight=\"0\" scrolling=\"no\"><\/iframe>\n<\/div><\/figure>\n\n\n\n<p><a href=\"https:\/\/www.telegram.hr\/kultura\/feralova-urednica-objavila-svoje-stare-intervjue-s-najvaznijim-akterima-90-ih-i-razbila-mit-o-tudmanovoj-epohi\">https:\/\/www.telegram.hr\/kultura\/feralova-urednica-objavila-svoje-stare-intervjue-s-najvaznijim-akterima-90-ih-i-razbila-mit-o-tudmanovoj-epohi<\/a><\/p>\n\n\n\n<p><a href=\"https:\/\/www.jutarnji.hr\/kultura\/knjizevnost\/znate-li-sto-je-tripalo-rekao-o-tudmanu-nema-niti-jednu-vaznu-osobinu-za-sefa-drzave-zivi-u-iluziji-15528864\">https:\/\/www.jutarnji.hr\/kultura\/knjizevnost\/znate-li-sto-je-tripalo-rekao-o-tudmanu-nema-niti-jednu-vaznu-osobinu-za-sefa-drzave-zivi-u-iluziji-15528864<\/a><\/p>\n\n\n\n<hr class=\"wp-block-separator has-alpha-channel-opacity\"\/>\n","protected":false},"excerpt":{"rendered":"","protected":false},"author":2,"featured_media":44260,"comment_status":"open","ping_status":"open","sticky":false,"template":"","format":"standard","meta":{"_acf_changed":false,"jetpack_post_was_ever_published":false,"_jetpack_newsletter_access":"","_jetpack_dont_email_post_to_subs":false,"_jetpack_newsletter_tier_id":0,"_jetpack_memberships_contains_paywalled_content":false,"_jetpack_memberships_contains_paid_content":false,"footnotes":"","jetpack_publicize_message":"","jetpack_publicize_feature_enabled":true,"jetpack_social_post_already_shared":true,"jetpack_social_options":{"image_generator_settings":{"template":"highway","default_image_id":0,"font":"","enabled":false},"version":2}},"categories":[8,3],"tags":[],"class_list":["post-44259","post","type-post","status-publish","format-standard","has-post-thumbnail","hentry","category-knjige","category-novosti"],"acf":{"facebook_opis":""},"jetpack_publicize_connections":[],"jetpack_featured_media_url":"https:\/\/i0.wp.com\/historiografija.hr\/wp-content\/uploads\/2025\/01\/Erceg.jpg?fit=447%2C674&ssl=1","jetpack_sharing_enabled":true,"jetpack-related-posts":[],"_links":{"self":[{"href":"https:\/\/historiografija.hr\/index.php?rest_route=\/wp\/v2\/posts\/44259","targetHints":{"allow":["GET"]}}],"collection":[{"href":"https:\/\/historiografija.hr\/index.php?rest_route=\/wp\/v2\/posts"}],"about":[{"href":"https:\/\/historiografija.hr\/index.php?rest_route=\/wp\/v2\/types\/post"}],"author":[{"embeddable":true,"href":"https:\/\/historiografija.hr\/index.php?rest_route=\/wp\/v2\/users\/2"}],"replies":[{"embeddable":true,"href":"https:\/\/historiografija.hr\/index.php?rest_route=%2Fwp%2Fv2%2Fcomments&post=44259"}],"version-history":[{"count":1,"href":"https:\/\/historiografija.hr\/index.php?rest_route=\/wp\/v2\/posts\/44259\/revisions"}],"predecessor-version":[{"id":44261,"href":"https:\/\/historiografija.hr\/index.php?rest_route=\/wp\/v2\/posts\/44259\/revisions\/44261"}],"wp:featuredmedia":[{"embeddable":true,"href":"https:\/\/historiografija.hr\/index.php?rest_route=\/wp\/v2\/media\/44260"}],"wp:attachment":[{"href":"https:\/\/historiografija.hr\/index.php?rest_route=%2Fwp%2Fv2%2Fmedia&parent=44259"}],"wp:term":[{"taxonomy":"category","embeddable":true,"href":"https:\/\/historiografija.hr\/index.php?rest_route=%2Fwp%2Fv2%2Fcategories&post=44259"},{"taxonomy":"post_tag","embeddable":true,"href":"https:\/\/historiografija.hr\/index.php?rest_route=%2Fwp%2Fv2%2Ftags&post=44259"}],"curies":[{"name":"wp","href":"https:\/\/api.w.org\/{rel}","templated":true}]}}