{"id":44250,"date":"2025-01-09T21:49:12","date_gmt":"2025-01-09T21:49:12","guid":{"rendered":"https:\/\/historiografija.hr\/?p=44250"},"modified":"2025-01-09T21:50:28","modified_gmt":"2025-01-09T21:50:28","slug":"benoit-peeters-sandor-ferenczi-enfant-terrible-psihoanalize","status":"publish","type":"post","link":"https:\/\/historiografija.hr\/?p=44250","title":{"rendered":"Beno\u00eet Peeters, \u201eS\u00e1ndor Ferenczi. Enfant terrible psihoanalize\u201c"},"content":{"rendered":"\n<p>S\u00e1ndor Ferenczi (\u0160andor Ferenci, 1873\u20131933), Freudov dragi u\u010denik i blizak saradnik, bio je jedna od najprivla\u010dnijih figura rane psihoanalize i jedan od njenih najplodnijih teoreti\u010dara. Njegovu saradnju sa Freudom obele\u017eilo je dugo \u201ezato\u010deni\u0161tvo\u201c u burnom odnosu \u201eoca i sina\u201c, koji je oscilirao izme\u0111u fascinacije i \u017eelje za emancipacijom.<\/p>\n\n\n\n<p><em>S\u00e1ndor Ferenczi. Enfant terrible psihoanalize<\/em> je biografija koja, pored toga \u0161to osvetljava Ferenczijev odnos sa Freudom, govori o ulozi koju je Ferenczi imao u \u0161irenju i razvoju psihoanalize u Ma\u0111arskoj, ali i u svetu, o nastanku Me\u0111unarodnog psihoanaliti\u010dkog dru\u0161tva i sukobima unutar njega, o zajedni\u010dkim putovanjima sa Freudom (u SAD i drugde), osmi\u0161ljavanju Ferenczijeve inovativne tehnike analize i njegovog sve dubljeg razumevanja granica i opasnosti ortodoksne psihoanalize. Ali dramski zaplet ovog dela ponajvi\u0161e osvetljava ljubavni trougao izme\u0111u S\u00e1ndora, njegove ljubavnice Gizelle i njene \u0107erke Elme: Ferenczi ih obe uzima pod analizu, a nakon \u0161to se zaljubljuje u Elmu, \u0161alje je kod Freuda na nastavak le\u010denja. Uskoro izme\u0111u Be\u010da i Budimpe\u0161te po\u010dinju da kru\u017ee nebrojena pisma i poverljive misli.<\/p>\n\n\n\n<p>Pa ipak, ova knjiga nije ni nau\u010dni traktat niti klasi\u010dna biografija. Ona je dirljiva pri\u010da o prijateljstvu koje mo\u017eda nikada nije moglo postojati i ljubavi koja je bila jednako nedosti\u017ena.<\/p>\n\n\n\n<p>\u201eIme S\u00e1ndora Ferenczija prvi put sam \u010duo u zavr\u0161nom razredu gimnazije, 1974. godine. Na\u0161 profesor filozofije je pomenuo njegov najpoznatiji tekst, <em>Thalassa<\/em>, na na\u010din dovoljno upe\u010datljiv da mi ostane u se\u0107anju. Kao pa\u017eljiv \u010ditalac Freuda i povremeno slu\u0161alac Lacanovih predavanja, nastavio sam da se bli\u017ee zanimam za psihoanalizu tokom narednih godina, iako joj se nisam neposredno posve\u0107ivao. [\u2026] Godine 1992, prikaz prvog toma prepiske izme\u0111u Freuda i Ferenczija odmah me je fascinirao. Uronio sam u tu obimnu knjigu, a zatim u <em>Klini\u010dki dnevnik<\/em> (<em>Das klinische Tagebuch<\/em>) i nekoliko drugih tekstova. Nestrpljivo sam \u010dekao dva naredna toma prepiske. Nisu me razo\u010darala. U njima se, premda u izrazito razbijenoj formi, mogla \u010ditati pri\u010da o prijateljstvu i, istovremeno, o izuzetnom rasvetljavanju po\u010detaka psihoanaliti\u010dkog pokreta.\u201c<br>Beno\u00eet Peeters<\/p>\n\n\n\n<p><strong>Beno\u00eet Peeters<\/strong> je francusko-belgijski pisac i biograf, ro\u0111en 1956. godine. Studirao je filozofiju na Universit\u00e9 de Paris I, a magistarsku tezu napisao je pod mentorstvom Rolanda Bartha. Prvi roman, <em>Omnibus<\/em>, objavio je 1976. godine. Od tada je napisao preko 60 dela razli\u010ditog sadr\u017eaja. Beno\u00eet Peeters se bavi i pisanjem scenarija za stripove i fotografijom, a re\u017eirao je i tri kratka filma, kao i nekolicinu dokumentarnih. Na srpskom je objavljeno njegovo delo <a href=\"http:\/\/karposbooks.rs\/shop\/biografeme\/zak-derida-biografija-benoa-peters\/\">\u017dak Derida. Biografija<\/a> u prevodu Jelene Staki\u0107 i Melite Logo-Milutinovi\u0107 (Karpos, 2017).<\/p>\n\n\n\n<hr class=\"wp-block-separator has-alpha-channel-opacity\"\/>\n\n\n\n<p>Kategorija: Biografije<\/p>\n\n\n\n<p>Prevod: Milica Ra\u0161i\u0107<\/p>\n\n\n\n<p>Broj strana: 242<\/p>\n\n\n\n<p>Godina izdanja: 2024<\/p>\n\n\n\n<hr class=\"wp-block-separator has-alpha-channel-opacity\"\/>\n\n\n\n<p>Izvor:<\/p>\n\n\n\n<p><a href=\"http:\/\/karposbooks.rs\/shop\/novo\/sandor-ferenczi-enfant-terrible-psihoanalize\/\">http:\/\/karposbooks.rs\/shop\/novo\/sandor-ferenczi-enfant-terrible-psihoanalize\/<\/a><\/p>\n\n\n\n<hr class=\"wp-block-separator has-alpha-channel-opacity\"\/>\n","protected":false},"excerpt":{"rendered":"","protected":false},"author":2,"featured_media":44251,"comment_status":"open","ping_status":"open","sticky":false,"template":"","format":"standard","meta":{"_acf_changed":false,"jetpack_post_was_ever_published":false,"_jetpack_newsletter_access":"","_jetpack_dont_email_post_to_subs":false,"_jetpack_newsletter_tier_id":0,"_jetpack_memberships_contains_paywalled_content":false,"_jetpack_memberships_contains_paid_content":false,"footnotes":"","jetpack_publicize_message":"","jetpack_publicize_feature_enabled":true,"jetpack_social_post_already_shared":true,"jetpack_social_options":{"image_generator_settings":{"template":"highway","default_image_id":0,"font":"","enabled":false},"version":2}},"categories":[8,3],"tags":[],"class_list":["post-44250","post","type-post","status-publish","format-standard","has-post-thumbnail","hentry","category-knjige","category-novosti"],"acf":{"facebook_opis":""},"jetpack_publicize_connections":[],"jetpack_featured_media_url":"https:\/\/i0.wp.com\/historiografija.hr\/wp-content\/uploads\/2025\/01\/Sandor-Ferenci.jpg?fit=212%2C300&ssl=1","jetpack_sharing_enabled":true,"jetpack-related-posts":[],"_links":{"self":[{"href":"https:\/\/historiografija.hr\/index.php?rest_route=\/wp\/v2\/posts\/44250","targetHints":{"allow":["GET"]}}],"collection":[{"href":"https:\/\/historiografija.hr\/index.php?rest_route=\/wp\/v2\/posts"}],"about":[{"href":"https:\/\/historiografija.hr\/index.php?rest_route=\/wp\/v2\/types\/post"}],"author":[{"embeddable":true,"href":"https:\/\/historiografija.hr\/index.php?rest_route=\/wp\/v2\/users\/2"}],"replies":[{"embeddable":true,"href":"https:\/\/historiografija.hr\/index.php?rest_route=%2Fwp%2Fv2%2Fcomments&post=44250"}],"version-history":[{"count":2,"href":"https:\/\/historiografija.hr\/index.php?rest_route=\/wp\/v2\/posts\/44250\/revisions"}],"predecessor-version":[{"id":44253,"href":"https:\/\/historiografija.hr\/index.php?rest_route=\/wp\/v2\/posts\/44250\/revisions\/44253"}],"wp:featuredmedia":[{"embeddable":true,"href":"https:\/\/historiografija.hr\/index.php?rest_route=\/wp\/v2\/media\/44251"}],"wp:attachment":[{"href":"https:\/\/historiografija.hr\/index.php?rest_route=%2Fwp%2Fv2%2Fmedia&parent=44250"}],"wp:term":[{"taxonomy":"category","embeddable":true,"href":"https:\/\/historiografija.hr\/index.php?rest_route=%2Fwp%2Fv2%2Fcategories&post=44250"},{"taxonomy":"post_tag","embeddable":true,"href":"https:\/\/historiografija.hr\/index.php?rest_route=%2Fwp%2Fv2%2Ftags&post=44250"}],"curies":[{"name":"wp","href":"https:\/\/api.w.org\/{rel}","templated":true}]}}