{"id":44231,"date":"2025-01-08T20:29:13","date_gmt":"2025-01-08T20:29:13","guid":{"rendered":"https:\/\/historiografija.hr\/?p=44231"},"modified":"2025-01-08T20:29:13","modified_gmt":"2025-01-08T20:29:13","slug":"predavanje-branka-ostajmera-na-kraju-dugoga-puta-hrvati-i-madari-na-razmedu-19-i-20-stoljeca","status":"publish","type":"post","link":"https:\/\/historiografija.hr\/?p=44231","title":{"rendered":"Predavanje Branka Ostajmera \u201eNa kraju dugoga puta: Hrvati i Ma\u0111ari na razme\u0111u 19. i 20. stolje\u0107a\u201c"},"content":{"rendered":"\n<p>Popratni program izlo\u017ebe<\/p>\n\n\n\n<p>\u201eIdeal i stvarnost: Prvo zlatno doba ma\u0111arskog slikarstva i za\u010deci hrvatske moderne umjetnosti\u201c<\/p>\n\n\n\n<p>9. sije\u010dnja u 18:00 sati u Galeriji Klovi\u0107evi dvori<\/p>\n\n\n\n<p>Hrvatsko-ugarskom nagodbom iz 1868. godine stoljetnoj hrvatsko-ma\u0111arskoj uniji bio je udahnut nov \u017eivot, a tvorci sporazuma \u2013 kako ma\u0111arski, tako i hrvatski \u2013 bili su uvjereni da je kompromis u najboljem interesu obiju naroda te da predstavlja put u bolju zajedni\u010dku budu\u0107nost u kojoj \u0107e izblijedjeti sje\u0107anja na prethodne sukobe, uklju\u010duju\u0107i i onaj najte\u017ei, oru\u017eani, iz 1848.\/49. godine. Vrijeme je pokazalo da su bili u krivu i da je (sub)dualisti\u010dko preure\u0111enje Monarhije uspjelo osigurati tek jo\u0161 pola stolje\u0107a hrvatsko-ma\u0111arskoga su\u017eivota, ispunjenih prete\u017eno me\u0111usobnim razmiricama, optu\u017ebama i nerazumijevanjem. Dakako, ovih posljednjih pola stolje\u0107a unije pro\u017eeto je i povremenim razdobljima zatopljenja odnosa, razli\u010ditim pozitivnim trenutcima i primjerima skladnog te plodnog su\u017eivota, kulturnim i inim pro\u017eimanjima, ali sav rad istinskih hrvatskih i ma\u0111arskih pobornika savezni\u0161tva, prijateljstva i odr\u017eanja drevne unije suo\u010davao se sa sve izra\u017eenijim otporom na objema obalama Drave; jaz izme\u0111u dvaju naroda \u010dinio se sve nepremostivijim, negativne me\u0111usobne predod\u017ebe bivale su sve sna\u017enijima, a kona\u010dni razlaz nametao se kao neumitnost.<\/p>\n\n\n\n<p>O PREDAVA\u010cU: dr. sc. Branko Ostajmer &#8211; znanstveni suradnik u Hrvatskom institutu za povijest. Znanstveni interes usmjeren mu je na teme iz politi\u010dke, dru\u0161tvene i kulturne povijesti s prijelaza iz XIX. u XX. stolje\u0107e, uz posebnu pozornost na prostor Kraljevine Hrvatske i Slavonije te na hrvatsko-ma\u0111arske odnose. U okviru tih istra\u017eivanja sudjelovao je na vi\u0161e doma\u0107ih i me\u0111unarodnih znanstvenih skupova (Hrvatska, Ma\u0111arska, Austrija, Bosna i Hercegovina) te objavio ve\u0107i broj znanstvenih i stru\u010dnih \u010dlanaka.<\/p>\n\n\n\n<hr class=\"wp-block-separator has-alpha-channel-opacity\"\/>\n","protected":false},"excerpt":{"rendered":"","protected":false},"author":2,"featured_media":42862,"comment_status":"open","ping_status":"open","sticky":false,"template":"","format":"standard","meta":{"_acf_changed":false,"jetpack_post_was_ever_published":false,"_jetpack_newsletter_access":"","_jetpack_dont_email_post_to_subs":false,"_jetpack_newsletter_tier_id":0,"_jetpack_memberships_contains_paywalled_content":false,"_jetpack_memberships_contains_paid_content":false,"footnotes":"","jetpack_publicize_message":"","jetpack_publicize_feature_enabled":true,"jetpack_social_post_already_shared":true,"jetpack_social_options":{"image_generator_settings":{"template":"highway","default_image_id":0,"font":"","enabled":false},"version":2}},"categories":[3],"tags":[],"class_list":["post-44231","post","type-post","status-publish","format-standard","has-post-thumbnail","hentry","category-novosti"],"acf":{"facebook_opis":""},"jetpack_publicize_connections":[],"jetpack_featured_media_url":"https:\/\/i0.wp.com\/historiografija.hr\/wp-content\/uploads\/2024\/10\/Plakat_izlo%C5%BEba.png?fit=1000%2C1441&ssl=1","jetpack_sharing_enabled":true,"jetpack-related-posts":[],"_links":{"self":[{"href":"https:\/\/historiografija.hr\/index.php?rest_route=\/wp\/v2\/posts\/44231","targetHints":{"allow":["GET"]}}],"collection":[{"href":"https:\/\/historiografija.hr\/index.php?rest_route=\/wp\/v2\/posts"}],"about":[{"href":"https:\/\/historiografija.hr\/index.php?rest_route=\/wp\/v2\/types\/post"}],"author":[{"embeddable":true,"href":"https:\/\/historiografija.hr\/index.php?rest_route=\/wp\/v2\/users\/2"}],"replies":[{"embeddable":true,"href":"https:\/\/historiografija.hr\/index.php?rest_route=%2Fwp%2Fv2%2Fcomments&post=44231"}],"version-history":[{"count":1,"href":"https:\/\/historiografija.hr\/index.php?rest_route=\/wp\/v2\/posts\/44231\/revisions"}],"predecessor-version":[{"id":44232,"href":"https:\/\/historiografija.hr\/index.php?rest_route=\/wp\/v2\/posts\/44231\/revisions\/44232"}],"wp:featuredmedia":[{"embeddable":true,"href":"https:\/\/historiografija.hr\/index.php?rest_route=\/wp\/v2\/media\/42862"}],"wp:attachment":[{"href":"https:\/\/historiografija.hr\/index.php?rest_route=%2Fwp%2Fv2%2Fmedia&parent=44231"}],"wp:term":[{"taxonomy":"category","embeddable":true,"href":"https:\/\/historiografija.hr\/index.php?rest_route=%2Fwp%2Fv2%2Fcategories&post=44231"},{"taxonomy":"post_tag","embeddable":true,"href":"https:\/\/historiografija.hr\/index.php?rest_route=%2Fwp%2Fv2%2Ftags&post=44231"}],"curies":[{"name":"wp","href":"https:\/\/api.w.org\/{rel}","templated":true}]}}