{"id":44228,"date":"2025-01-07T18:22:17","date_gmt":"2025-01-07T18:22:17","guid":{"rendered":"https:\/\/historiografija.hr\/?p=44228"},"modified":"2025-01-07T18:22:17","modified_gmt":"2025-01-07T18:22:17","slug":"znanstveni-kolokvij-65-godina-zavoda-za-povijest-i-filozofiju-znanosti-hazu","status":"publish","type":"post","link":"https:\/\/historiografija.hr\/?p=44228","title":{"rendered":"Znanstveni kolokvij &#8220;65 godina Zavoda za povijest i filozofiju znanosti HAZU&#8221;"},"content":{"rendered":"\n<p>HRVATSKA AKADEMIJA ZNANOSTI I UMJETNOSTI<br>ZAVOD ZA POVIJEST I FILOZOFIJU ZNANOSTI<br>i<br>RAZRED ZA MEDICINSKE ZNANOSTI<\/p>\n\n\n\n<p>organiziraju i pozivaju Vas na znanstveni kolokvij<\/p>\n\n\n\n<p><strong>65 GODINA ZAVODA ZA POVIJEST I FILOZOFIJU ZNANOSTI HAZU<\/strong><\/p>\n\n\n\n<p>u \u010detvrtak 9. sije\u010dnja 2025. u 9:00 sati<br>u dvorani Knji\u017enice HAZU u Zagrebu, Strossmayerov trg 14<\/p>\n\n\n\n<hr class=\"wp-block-separator has-alpha-channel-opacity\"\/>\n\n\n\n<p>ZNANSTVENI ODBOR<br>\u017deljko Cvetni\u0107, Ivo \u010cike\u0161, Dragan Dekaris, Vida Demarin,&nbsp;Bojan Jelakovi\u0107, Vjekoslav Jerolimov, \u017deljko Ka\u0161telan, Ivica Kostovi\u0107,&nbsp;Zvonko Kusi\u0107, Josip Madi\u0107, Dra\u017een Mati\u010di\u0107, Davor Mili\u010di\u0107,&nbsp;Marko Pe\u0107ina, \u017deljko Reiner, Miroslav Samar\u017eija,&nbsp;Mirna \u0160itum, Slobodan Vuki\u010devi\u0107<\/p>\n\n\n\n<p>ORGANIZACIJSKI ODBOR<br>Vjekoslav Jerolimov, Stella Fatovi\u0107-Feren\u010di\u0107, Tihana Pavi\u010di\u0107 Mlinar<\/p>\n\n\n\n<hr class=\"wp-block-separator has-alpha-channel-opacity\"\/>\n\n\n\n<p><a href=\"https:\/\/www.info.hazu.hr\/wp-content\/uploads\/2025\/01\/65-godina-Zavoda-za-povijest-i-filozofiju-znanosti-HAZU_09-01-2025.pdf\"><strong>PROGRAM ZNANSTVENOG KOLOKVIJA<\/strong><\/a><\/p>\n\n\n\n<p>Radno predsjedni\u0161tvo: Stella Fatovi\u0107-Feren\u010di\u0107 i Vjekoslav Jerolimov<\/p>\n\n\n\n<p><strong>Pozdravne rije\u010di:<\/strong><\/p>\n\n\n\n<p><strong>akademik Dario Vretenar, glavni tajnik Hrvatske akademije<\/strong><br><strong>akademkinja Vida Demarin, tajnica Razreda za medicinske znanosti<\/strong><br><strong>prof. dr. sc. \u017deljko Krznari\u0107, predsjednik Hrvatskoga lije\u010dni\u010dkog zbora<\/strong><\/p>\n\n\n\n<p><strong>Predavanja:<\/strong><\/p>\n\n\n\n<p><strong>Vjekoslav Jerolimov: Uvodno izlaganje \u2013 65. obljetnica Zavoda za povijest i filozofiju znanosti<\/strong><br><strong>Stella Fatovi\u0107-Feren\u010di\u0107 i Marko Pe\u0107ina: M. D. Grmek i pokretanje izdava\u010dkog niza Rasprave i gra\u0111a za povijest znanosti<\/strong><br><strong>Marijana Bori\u0107: Odsjek za povijest prirodnih i matemati\u010dkih znanosti \u2013 retrospektiva i perspektiva<\/strong><br><strong>Bojan Marotti: 60. obljetnica Instituta za filozofiju znanosti i mir<\/strong><br><strong>Silvija Brki\u0107 Mid\u017ei\u0107: Hrvatski muzej medicine i farmacije \u2013 zna\u010dajan ba\u0161tinski projekt Zavoda za povijest i filozofiju znanosti HAZU<\/strong><br><strong>Stella Fatovi\u0107-Feren\u010di\u0107: Mirko Dra\u017een Grmek, utemeljitelj Zavoda \u2013 \u017eivot i intelektualno naslije\u0111e<\/strong><br><strong>Martin Kuhar: Grmekov metodolo\u0161ki pristup povijesti znanosti<\/strong><br><strong>\u017deljko Dugac i Branka Grbavac: Znanstveni doprinos Mirka Dra\u017eena Grmeka istra\u017eivanju povijesti medicine hrvatskog srednjovjekovlja<\/strong><br><strong>Josip Balabani\u0107: Povijest znanosti i povijest medicine kao \u2018tre\u0107a kultura\u2019? Mirko Dra\u017een Grmek i \u2018tre\u0107a kultura\u2019<\/strong><br><strong>Tamara Runjak: Spomeni\u010dka knji\u017enica Mirka D. Grmeka \u201ePovijest znanosti slavenskih naroda\u201c: ostav\u0161tina Mirka D. Grmeka u Knji\u017enici HAZU<\/strong><\/p>\n\n\n\n<hr class=\"wp-block-separator has-alpha-channel-opacity\"\/>\n\n\n\n<p>Znanstveni skup je potpomognut donacijom Hrvatskoga lije\u010dni\u010dkog zbora.<\/p>\n\n\n\n<hr class=\"wp-block-separator has-alpha-channel-opacity\"\/>\n\n\n\n<p><strong>O Zavodu za povijest i filozofiju znanosti HAZU<\/strong><\/p>\n\n\n\n<p>U okrilju tada\u0161nje Jugoslavenske akademije znanosti i umjetnosti (danas HAZU) osnivale su se i razvijale razli\u010dite jedinice koje su po svojim znanstvenoistra\u017eiva\u010dkim obilje\u017ejima izrastale u jedinstvene ustanove takvog tipa na prostoru jugoisto\u010dne Europe. Jedna od njih je i dana\u0161nji Akademijin Zavod za povijest i filozofiju znanosti. Njegovi za\u010deci mogu se pratiti jo\u0161 od 1952. godine, kada je utemeljen Odjel za povijest medicine Instituta za medicinska istra\u017eivanja JAZU. Ideja o osnutku tog Odjela potekla je od <strong>Andrije \u0160tampara<\/strong>, tada\u0161njeg predsjednika JAZU, i njegovog bliskog suradnika <strong>Mirka Dra\u017eena Grmeka<\/strong>, kasnije povjesni\u010dara medicine svjetskog glasa, koji 1953. postaje ravnatelj toga Odjela. Ubrzo, ve\u0107 1960., Grmek uspijeva ujediniti Odjel za povijest medicine Instituta za medicinska istra\u017eivanja, Muzej za povijest zdravstva Zbora lije\u010dnika Hrvatske, Zavod za povijest medicine Medicinskog fakulteta, Institut za povijest farmacije s muzejskom zbirkom i Spomen-zbirku \u201eRu\u0111er Bo\u0161kovi\u0107\u201c na Lokrumu u <strong><em>Institut za povijest prirodnih, matemati\u010dkih i medicinskih znanosti<\/em><\/strong> pri tada\u0161njoj JAZU. Sljednik Instituta je dana\u0161nji <strong><em>Zavod za povijest i filozofiju znanosti HAZU<\/em><\/strong>, pa je to razlog obilje\u017eavanja 65. obljetnice Zavoda.<\/p>\n\n\n\n<p>Zavod se danas sastoji od tri jedinice: <strong>Odsjeka za povijest medicinskih znanosti<\/strong>, <strong>Odsjeka za povijest prirodnih i matemati\u010dkih znanosti<\/strong> i <strong>Odsjeka za filozofiju znanosti<\/strong>. Kao jedinstvena takva ustanova na podru\u010dju Hrvatske Zavod se bavi \u010duvanjem i istra\u017eivanjima znanstvenog naslije\u0111a, a napose propitivanjem mogu\u0107nosti i granica znanstvene spoznaje, te okuplja povjesni\u010dare znanosti iz podru\u010dja matematike, fizike, biologije, kemije, farmacije, medicine i filozofije. Razvoj dru\u0161tva i znanosti otvara brojne izazove te podrazumijeva razumijevanje razvoja i filozofije znanosti kao temelja u sagledavanju mogu\u0107ih posljedica i odgovornosti u razvoju znanosti u budu\u0107nosti. U tom smislu istra\u017eivanja kojima se djelatnici ovoga Zavoda bave uklju\u010duju se u pra\u0107enje razvojnih procesa znanosti u nacionalnim i me\u0111unarodnim okvirima.<\/p>\n\n\n\n<hr class=\"wp-block-separator has-alpha-channel-opacity\"\/>\n\n\n\n<p>Izvor:<\/p>\n\n\n\n<figure class=\"wp-block-embed is-type-wp-embed is-provider-hazu wp-block-embed-hazu\"><div class=\"wp-block-embed__wrapper\">\n<blockquote class=\"wp-embedded-content\" data-secret=\"wQGrMNng4c\"><a href=\"https:\/\/www.info.hazu.hr\/events\/65-godina-zavoda-za-povijest-i-filozofiju-znanosti-hazu\/\">65 godina Zavoda za povijest i filozofiju znanosti HAZU<\/a><\/blockquote><iframe loading=\"lazy\" class=\"wp-embedded-content\" sandbox=\"allow-scripts\" security=\"restricted\" style=\"position: absolute; visibility: hidden;\" title=\"&#8220;65 godina Zavoda za povijest i filozofiju znanosti HAZU&#8221; &#8212; HAZU\" src=\"https:\/\/www.info.hazu.hr\/events\/65-godina-zavoda-za-povijest-i-filozofiju-znanosti-hazu\/embed\/#?secret=wQGrMNng4c\" data-secret=\"wQGrMNng4c\" width=\"600\" height=\"338\" frameborder=\"0\" marginwidth=\"0\" marginheight=\"0\" scrolling=\"no\"><\/iframe>\n<\/div><\/figure>\n\n\n\n<hr class=\"wp-block-separator has-alpha-channel-opacity\"\/>\n","protected":false},"excerpt":{"rendered":"","protected":false},"author":2,"featured_media":44229,"comment_status":"open","ping_status":"open","sticky":false,"template":"","format":"standard","meta":{"_acf_changed":false,"jetpack_post_was_ever_published":false,"_jetpack_newsletter_access":"","_jetpack_dont_email_post_to_subs":false,"_jetpack_newsletter_tier_id":0,"_jetpack_memberships_contains_paywalled_content":false,"_jetpack_memberships_contains_paid_content":false,"footnotes":"","jetpack_publicize_message":"","jetpack_publicize_feature_enabled":true,"jetpack_social_post_already_shared":true,"jetpack_social_options":{"image_generator_settings":{"template":"highway","default_image_id":0,"font":"","enabled":false},"version":2}},"categories":[3,9],"tags":[],"class_list":["post-44228","post","type-post","status-publish","format-standard","has-post-thumbnail","hentry","category-novosti","category-skupovi"],"acf":{"facebook_opis":""},"jetpack_publicize_connections":[],"jetpack_featured_media_url":"https:\/\/i0.wp.com\/historiografija.hr\/wp-content\/uploads\/2025\/01\/65-godina-Zavoda-za-povijest-i-filozofiju-znanosti-HAZU.jpg?fit=800%2C462&ssl=1","jetpack_sharing_enabled":true,"jetpack-related-posts":[],"_links":{"self":[{"href":"https:\/\/historiografija.hr\/index.php?rest_route=\/wp\/v2\/posts\/44228","targetHints":{"allow":["GET"]}}],"collection":[{"href":"https:\/\/historiografija.hr\/index.php?rest_route=\/wp\/v2\/posts"}],"about":[{"href":"https:\/\/historiografija.hr\/index.php?rest_route=\/wp\/v2\/types\/post"}],"author":[{"embeddable":true,"href":"https:\/\/historiografija.hr\/index.php?rest_route=\/wp\/v2\/users\/2"}],"replies":[{"embeddable":true,"href":"https:\/\/historiografija.hr\/index.php?rest_route=%2Fwp%2Fv2%2Fcomments&post=44228"}],"version-history":[{"count":1,"href":"https:\/\/historiografija.hr\/index.php?rest_route=\/wp\/v2\/posts\/44228\/revisions"}],"predecessor-version":[{"id":44230,"href":"https:\/\/historiografija.hr\/index.php?rest_route=\/wp\/v2\/posts\/44228\/revisions\/44230"}],"wp:featuredmedia":[{"embeddable":true,"href":"https:\/\/historiografija.hr\/index.php?rest_route=\/wp\/v2\/media\/44229"}],"wp:attachment":[{"href":"https:\/\/historiografija.hr\/index.php?rest_route=%2Fwp%2Fv2%2Fmedia&parent=44228"}],"wp:term":[{"taxonomy":"category","embeddable":true,"href":"https:\/\/historiografija.hr\/index.php?rest_route=%2Fwp%2Fv2%2Fcategories&post=44228"},{"taxonomy":"post_tag","embeddable":true,"href":"https:\/\/historiografija.hr\/index.php?rest_route=%2Fwp%2Fv2%2Ftags&post=44228"}],"curies":[{"name":"wp","href":"https:\/\/api.w.org\/{rel}","templated":true}]}}