{"id":44223,"date":"2025-01-07T18:12:52","date_gmt":"2025-01-07T18:12:52","guid":{"rendered":"https:\/\/historiografija.hr\/?p=44223"},"modified":"2025-01-07T18:14:49","modified_gmt":"2025-01-07T18:14:49","slug":"razgovor-o-knjizi-early-medieval-hum-and-bosnia-ca-450-1200-beyond-myths-u-sarajevu","status":"publish","type":"post","link":"https:\/\/historiografija.hr\/?p=44223","title":{"rendered":"Razgovor o knjizi \u201cEARLY MEDIEVAL HUM AND BOSNIA, CA. 450-1200: BEYOND MYTHS\u201c u Sarajevu"},"content":{"rendered":"\n<p>Centar za historijska istra\u017eivanja (CeHiS) organizuje razgovor o knjizi uglednog izdava\u010da akademskih izdanja Routledge \u201cEARLY MEDIEVAL HUM AND BOSNIA, CA. 450-1200: BEYOND MYTHS\u201c.\u00a0O knjizi \u0107e govori autor knjige prof. dr. Danijel D\u017eino (Department of History and Archaeology, Faculty of Arts, Macquarie University, Australia).<\/p>\n\n\n\n<p>Pored autora svoje vi\u0111enje ovog djela dati \u0107e prof. dr. Ivan Basi\u0107 (Sveu\u010dili\u0161te u Splitu) i Adisa Lepi\u0107, MA (Zemaljski muzej Bosne i Hecegovine).<\/p>\n\n\n\n<p>Moderator razgovora biti \u0107e prof. dr. Emir O.Filipovi\u0107, vanredni profesor na Katedri za srednji vijek Odsjeka za historiju (Univerzitet u Sarajevu \u2013 Filozofski fakultet).<\/p>\n\n\n\n<p>Razgovor o knjizi biti \u0107e uprili\u010den u \u010detvrtak 9. janura 2025. godine u malom amfiteatru na&nbsp;Filozofskom fakultetu Univerziteta u Sarajevu, ul. Franje Ra\u010dkog 1, sa po\u010detkom u 15.00 sati.<\/p>\n\n\n\n<p>Kratki osvrt na sadr\u017eaj knjige dostupan je na\u00a0zvani\u010dnoj web stranici <a href=\"https:\/\/www.routledge.com\/Early-Medieval-Hum-and-Bosnia-ca-450-1200-Beyond-Myths\/Dzino\/p\/book\/9781032047935?srsltid=AfmBOoo5RbzadQ4Dcy1qesGVM4K2Pf7FkV7CW4qUekTQgKEacHxNkPG_\">izdava\u010da<\/a>.<\/p>\n\n\n\n<hr class=\"wp-block-separator has-alpha-channel-opacity\"\/>\n\n\n\n<p>Izvor:<\/p>\n\n\n\n<p><strong>Historiografija.ba<\/strong><\/p>\n\n\n\n<p><a href=\"https:\/\/historiografija.ba\/historija-u-javnosti\/dogadjaji\/razgovor-o-knjizi-early-medieval-hum-and-bosnia-ca-450-1200-beyond-myths\">https:\/\/historiografija.ba\/historija-u-javnosti\/dogadjaji\/razgovor-o-knjizi-early-medieval-hum-and-bosnia-ca-450-1200-beyond-myths<\/a><\/p>\n\n\n\n<hr class=\"wp-block-separator has-alpha-channel-opacity\"\/>\n","protected":false},"excerpt":{"rendered":"","protected":false},"author":2,"featured_media":44224,"comment_status":"open","ping_status":"open","sticky":false,"template":"","format":"standard","meta":{"_acf_changed":false,"jetpack_post_was_ever_published":false,"_jetpack_newsletter_access":"","_jetpack_dont_email_post_to_subs":false,"_jetpack_newsletter_tier_id":0,"_jetpack_memberships_contains_paywalled_content":false,"_jetpack_memberships_contains_paid_content":false,"footnotes":"","jetpack_publicize_message":"","jetpack_publicize_feature_enabled":true,"jetpack_social_post_already_shared":true,"jetpack_social_options":{"image_generator_settings":{"template":"highway","default_image_id":0,"font":"","enabled":false},"version":2}},"categories":[3],"tags":[],"class_list":["post-44223","post","type-post","status-publish","format-standard","has-post-thumbnail","hentry","category-novosti"],"acf":{"facebook_opis":""},"jetpack_publicize_connections":[],"jetpack_featured_media_url":"https:\/\/i0.wp.com\/historiografija.hr\/wp-content\/uploads\/2025\/01\/cehis-razgovor.jpg?fit=450%2C637&ssl=1","jetpack_sharing_enabled":true,"jetpack-related-posts":[],"_links":{"self":[{"href":"https:\/\/historiografija.hr\/index.php?rest_route=\/wp\/v2\/posts\/44223","targetHints":{"allow":["GET"]}}],"collection":[{"href":"https:\/\/historiografija.hr\/index.php?rest_route=\/wp\/v2\/posts"}],"about":[{"href":"https:\/\/historiografija.hr\/index.php?rest_route=\/wp\/v2\/types\/post"}],"author":[{"embeddable":true,"href":"https:\/\/historiografija.hr\/index.php?rest_route=\/wp\/v2\/users\/2"}],"replies":[{"embeddable":true,"href":"https:\/\/historiografija.hr\/index.php?rest_route=%2Fwp%2Fv2%2Fcomments&post=44223"}],"version-history":[{"count":3,"href":"https:\/\/historiografija.hr\/index.php?rest_route=\/wp\/v2\/posts\/44223\/revisions"}],"predecessor-version":[{"id":44227,"href":"https:\/\/historiografija.hr\/index.php?rest_route=\/wp\/v2\/posts\/44223\/revisions\/44227"}],"wp:featuredmedia":[{"embeddable":true,"href":"https:\/\/historiografija.hr\/index.php?rest_route=\/wp\/v2\/media\/44224"}],"wp:attachment":[{"href":"https:\/\/historiografija.hr\/index.php?rest_route=%2Fwp%2Fv2%2Fmedia&parent=44223"}],"wp:term":[{"taxonomy":"category","embeddable":true,"href":"https:\/\/historiografija.hr\/index.php?rest_route=%2Fwp%2Fv2%2Fcategories&post=44223"},{"taxonomy":"post_tag","embeddable":true,"href":"https:\/\/historiografija.hr\/index.php?rest_route=%2Fwp%2Fv2%2Ftags&post=44223"}],"curies":[{"name":"wp","href":"https:\/\/api.w.org\/{rel}","templated":true}]}}