{"id":44217,"date":"2025-01-07T17:46:42","date_gmt":"2025-01-07T17:46:42","guid":{"rendered":"https:\/\/historiografija.hr\/?p=44217"},"modified":"2025-01-07T17:46:42","modified_gmt":"2025-01-07T17:46:42","slug":"ivo-goldstein-jasenovac-promijenjeno-i-prosireno-izdanje","status":"publish","type":"post","link":"https:\/\/historiografija.hr\/?p=44217","title":{"rendered":"Ivo Goldstein, \u201eJasenovac\u201c (promijenjeno i pro\u0161ireno izdanje)"},"content":{"rendered":"\n<p>Drugo, pro\u0161ireno i promijenjeno izdanje monografije <em>Jasenovac<\/em> Ive Goldsteina s pogovorom Gorana Hutinca pokazuje da je tema logora Jasenovac i dalje itekako va\u017ena i relevantna. Nacionalisti, ovisno o provenijenciji, ustraju u tvrdnji da Jasenovac nije bio logor smrti, \u0161tovi\u0161e, pose\u017eu za izmi\u0161ljotinom da je tek 1945. postao strati\u0161te, dok se, s druge strane, broj jasenova\u010dkih \u017ertava morbidno uve\u0107ava preko svake mjere. Knjiga <em>Jasenovac<\/em> Ive Goldsteina najrelevantnija je do sada objavljena knjiga o najve\u0107em logoru na podru\u010dju NDH. Pogovor Gorana Hutinca, na osnovi arhivskih fotografija snimljenih iz savezni\u010dkih zrakoplova, dodatno pokazuje i dokazuje da je Jasenovac bio i logor smrti.<\/p>\n\n\n\n<p>Knjiga <em>Jasenovac<\/em> Ive Goldsteina utemeljena je na obilju arhivske gra\u0111e i napisana akribi\u010dno, odgovorno, bez ideolo\u0161kih predrasuda, zadnjih namjera i politikantskih motiva. No znanstvena objektivnost ne mo\u017ee i ne smije dokinuti moralni stav autora, niti mo\u017ee \u2013 osobito kada je rije\u010d o strahotnom nacifa\u0161isti\u010dkom na\u00adsrtaju koji je \u010dovje\u010danstvo do\u017eivjelo u Drugom svjetskom ratu \u2013 dokinuti empatiju prema \u017ertvama tog nasrtaja. Utoliko <em>Jasenovac<\/em> Ive Goldsteina nije samo fenomenologija nepojmljivih ljudskih patnji i posrnu\u0107a, nego i primjer harmoni\u010dne uravnote\u017eenosti znanstvenih i moralnih imperativa.<\/p>\n\n\n\n<p>&nbsp;&nbsp;&nbsp; Jezik izvornika: hrvatski<\/p>\n\n\n\n<p>&nbsp;&nbsp;&nbsp; Broj stranica: 1008<\/p>\n\n\n\n<p>&nbsp;&nbsp;&nbsp; Datum izdanja: prosinac 2024.<\/p>\n\n\n\n<p>&nbsp;&nbsp;&nbsp; ISBN: 978-953358788-2<\/p>\n\n\n\n<p>&nbsp;&nbsp;&nbsp; Vrsta uveza: Tvrdi uvez drugo izdanje<\/p>\n\n\n\n<hr class=\"wp-block-separator has-alpha-channel-opacity\"\/>\n\n\n\n<p>Izvori:<\/p>\n\n\n\n<p><a href=\"https:\/\/fraktura.hr\/jasenovac-drugo-izdanje.html\">https:\/\/fraktura.hr\/jasenovac-drugo-izdanje.html<\/a><\/p>\n\n\n\n<p><a href=\"https:\/\/historiografija.ba\/knjige\/jugoistocna-evropa\/prosireno-i-promijenjeno-izdanje-monografije-jasenovac-ive-goldsteina\">https:\/\/historiografija.ba\/knjige\/jugoistocna-evropa\/prosireno-i-promijenjeno-izdanje-monografije-jasenovac-ive-goldsteina<\/a><\/p>\n\n\n\n<hr class=\"wp-block-separator has-alpha-channel-opacity\"\/>\n","protected":false},"excerpt":{"rendered":"","protected":false},"author":2,"featured_media":44218,"comment_status":"open","ping_status":"open","sticky":false,"template":"","format":"standard","meta":{"_acf_changed":false,"jetpack_post_was_ever_published":false,"_jetpack_newsletter_access":"","_jetpack_dont_email_post_to_subs":false,"_jetpack_newsletter_tier_id":0,"_jetpack_memberships_contains_paywalled_content":false,"_jetpack_memberships_contains_paid_content":false,"footnotes":"","jetpack_publicize_message":"","jetpack_publicize_feature_enabled":true,"jetpack_social_post_already_shared":true,"jetpack_social_options":{"image_generator_settings":{"template":"highway","default_image_id":0,"font":"","enabled":false},"version":2}},"categories":[8,3],"tags":[],"class_list":["post-44217","post","type-post","status-publish","format-standard","has-post-thumbnail","hentry","category-knjige","category-novosti"],"acf":{"facebook_opis":""},"jetpack_publicize_connections":[],"jetpack_featured_media_url":"https:\/\/i0.wp.com\/historiografija.hr\/wp-content\/uploads\/2025\/01\/Jasenovac_2_izdanje.jpg?fit=450%2C680&ssl=1","jetpack_sharing_enabled":true,"jetpack-related-posts":[],"_links":{"self":[{"href":"https:\/\/historiografija.hr\/index.php?rest_route=\/wp\/v2\/posts\/44217","targetHints":{"allow":["GET"]}}],"collection":[{"href":"https:\/\/historiografija.hr\/index.php?rest_route=\/wp\/v2\/posts"}],"about":[{"href":"https:\/\/historiografija.hr\/index.php?rest_route=\/wp\/v2\/types\/post"}],"author":[{"embeddable":true,"href":"https:\/\/historiografija.hr\/index.php?rest_route=\/wp\/v2\/users\/2"}],"replies":[{"embeddable":true,"href":"https:\/\/historiografija.hr\/index.php?rest_route=%2Fwp%2Fv2%2Fcomments&post=44217"}],"version-history":[{"count":1,"href":"https:\/\/historiografija.hr\/index.php?rest_route=\/wp\/v2\/posts\/44217\/revisions"}],"predecessor-version":[{"id":44219,"href":"https:\/\/historiografija.hr\/index.php?rest_route=\/wp\/v2\/posts\/44217\/revisions\/44219"}],"wp:featuredmedia":[{"embeddable":true,"href":"https:\/\/historiografija.hr\/index.php?rest_route=\/wp\/v2\/media\/44218"}],"wp:attachment":[{"href":"https:\/\/historiografija.hr\/index.php?rest_route=%2Fwp%2Fv2%2Fmedia&parent=44217"}],"wp:term":[{"taxonomy":"category","embeddable":true,"href":"https:\/\/historiografija.hr\/index.php?rest_route=%2Fwp%2Fv2%2Fcategories&post=44217"},{"taxonomy":"post_tag","embeddable":true,"href":"https:\/\/historiografija.hr\/index.php?rest_route=%2Fwp%2Fv2%2Ftags&post=44217"}],"curies":[{"name":"wp","href":"https:\/\/api.w.org\/{rel}","templated":true}]}}