{"id":44214,"date":"2025-01-07T17:35:17","date_gmt":"2025-01-07T17:35:17","guid":{"rendered":"https:\/\/historiografija.hr\/?p=44214"},"modified":"2025-01-07T17:35:17","modified_gmt":"2025-01-07T17:35:17","slug":"otvorene-prijave-za-zenske-studije-2025-tri-desetljeca-feministickog-obrazovanja","status":"publish","type":"post","link":"https:\/\/historiografija.hr\/?p=44214","title":{"rendered":"Otvorene prijave za \u017denske studije (2025.): Tri desetlje\u0107a feministi\u010dkog obrazovanja"},"content":{"rendered":"\n<p>Ve\u0107 trideset godina Centar za \u017eenske studije kao jedinstveno edukativno, izdava\u010dko, istra\u017eiva\u010dko i umjetni\u010dko okupljali\u0161te pru\u017ea interdisciplinarno feministi\u010dko obrazovanje koje objedinjuje teoriju, aktivizam i umjetnost. Cilj je obrazovnog programa, koji se provodi u jednosemestralnom mre\u017enom obliku, tragati za feministi\u010dkim odgovorima na razli\u010dita pitanja koja smatramo va\u017enima za na\u0161e \u017eivote, poput rodne ravnopravnosti, proizvodnje feministi\u010dkih znanja, kreiranja feministi\u010dkih politika, borbe protiv rodno uvjetovanog nasilja, osna\u017eivanja \u017eena, reproduktivnih prava i seksualnih sloboda, odnosa feminizma, nacionalizma i antiratnih politika, odnosa prema okoli\u0161u i klimatskim promjenama te feministi\u010dkom umjetni\u010dkom radu i kritici.<\/p>\n\n\n\n<p>Program je podijeljen u osam modula: Temeljni pojmovi i koncepti, Historija feministi\u010dkih ideja i pokreta, Feminizam, rod i nacija, Feminizam i antiratne politike, Tijelo, seksualnost, reproduktivne politike, Feministi\u010dka kritika nasilja protiv \u017eena, Ekofeminizam, Feminizam, umjetni\u010dka teorija i praksa.<\/p>\n\n\n\n<p>U skladu s na\u010delima kriti\u010dkog dijaloga, interaktivnosti, uzajamnog po\u0161tovanja, multidisciplinarnosti i interdisciplinarnosti program izvode \u010dlanice Centra za \u017eenske studije i suradni\u010dkih feministi\u010dkih organizacija te akademske zajednice.<\/p>\n\n\n\n<p><strong>Voditeljica obrazovnog programa:<\/strong> \u017deljka Jelavi\u0107<\/p>\n\n\n\n<p><strong>Koordinatorica obrazovnog programa:<\/strong> Nika \u0160inti\u0107<\/p>\n\n\n\n<p><strong>Vrijeme odr\u017eavanja: 3.2. \u2013 11.6.2025.<\/strong><br><strong>Ponedjeljkom i srijedom od 18,00 \u2013 20,00 sati<\/strong><\/p>\n\n\n\n<p><strong>\u0160kolarina iznosi: 150 \u20ac<\/strong><\/p>\n\n\n\n<p><strong>Prijava treba sadr\u017eavati: motivacijsko pismo i \u017eivotopis, a istu do 15.01.2025., valja poslati na: zenskistudiji2025@gmail.com<\/strong><\/p>\n\n\n\n<hr class=\"wp-block-separator has-alpha-channel-opacity\"\/>\n\n\n\n<p>Izvor:<\/p>\n\n\n\n<figure class=\"wp-block-embed is-type-wp-embed is-provider-centar-za-enske-studije wp-block-embed-centar-za-enske-studije\"><div class=\"wp-block-embed__wrapper\">\n<blockquote class=\"wp-embedded-content\" data-secret=\"JVgpzZtK4C\"><a href=\"https:\/\/zenstud.hr\/2024\/12\/27\/otvorene-prijave-za-zenske-studije-2025-tri-desetljeca-feministickog-obrazovanja\/\">Otvorene prijave za \u017denske studije (2025.): Tri desetlje\u0107a feministi\u010dkog obrazovanja<\/a><\/blockquote><iframe loading=\"lazy\" class=\"wp-embedded-content\" sandbox=\"allow-scripts\" security=\"restricted\" style=\"position: absolute; visibility: hidden;\" title=\"&#8220;Otvorene prijave za \u017denske studije (2025.): Tri desetlje\u0107a feministi\u010dkog obrazovanja&#8221; &#8212; Centar za \u017eenske studije\" src=\"https:\/\/zenstud.hr\/2024\/12\/27\/otvorene-prijave-za-zenske-studije-2025-tri-desetljeca-feministickog-obrazovanja\/embed\/#?secret=JVgpzZtK4C\" data-secret=\"JVgpzZtK4C\" width=\"600\" height=\"338\" frameborder=\"0\" marginwidth=\"0\" marginheight=\"0\" scrolling=\"no\"><\/iframe>\n<\/div><\/figure>\n\n\n\n<hr class=\"wp-block-separator has-alpha-channel-opacity\"\/>\n","protected":false},"excerpt":{"rendered":"","protected":false},"author":2,"featured_media":44215,"comment_status":"open","ping_status":"open","sticky":false,"template":"","format":"standard","meta":{"_acf_changed":false,"jetpack_post_was_ever_published":false,"_jetpack_newsletter_access":"","_jetpack_dont_email_post_to_subs":false,"_jetpack_newsletter_tier_id":0,"_jetpack_memberships_contains_paywalled_content":false,"_jetpack_memberships_contains_paid_content":false,"footnotes":"","jetpack_publicize_message":"","jetpack_publicize_feature_enabled":true,"jetpack_social_post_already_shared":true,"jetpack_social_options":{"image_generator_settings":{"template":"highway","default_image_id":0,"font":"","enabled":false},"version":2}},"categories":[3],"tags":[],"class_list":["post-44214","post","type-post","status-publish","format-standard","has-post-thumbnail","hentry","category-novosti"],"acf":{"facebook_opis":""},"jetpack_publicize_connections":[],"jetpack_featured_media_url":"https:\/\/i0.wp.com\/historiografija.hr\/wp-content\/uploads\/2025\/01\/Obrazovni-program.jpg?fit=1414%2C2000&ssl=1","jetpack_sharing_enabled":true,"jetpack-related-posts":[],"_links":{"self":[{"href":"https:\/\/historiografija.hr\/index.php?rest_route=\/wp\/v2\/posts\/44214","targetHints":{"allow":["GET"]}}],"collection":[{"href":"https:\/\/historiografija.hr\/index.php?rest_route=\/wp\/v2\/posts"}],"about":[{"href":"https:\/\/historiografija.hr\/index.php?rest_route=\/wp\/v2\/types\/post"}],"author":[{"embeddable":true,"href":"https:\/\/historiografija.hr\/index.php?rest_route=\/wp\/v2\/users\/2"}],"replies":[{"embeddable":true,"href":"https:\/\/historiografija.hr\/index.php?rest_route=%2Fwp%2Fv2%2Fcomments&post=44214"}],"version-history":[{"count":1,"href":"https:\/\/historiografija.hr\/index.php?rest_route=\/wp\/v2\/posts\/44214\/revisions"}],"predecessor-version":[{"id":44216,"href":"https:\/\/historiografija.hr\/index.php?rest_route=\/wp\/v2\/posts\/44214\/revisions\/44216"}],"wp:featuredmedia":[{"embeddable":true,"href":"https:\/\/historiografija.hr\/index.php?rest_route=\/wp\/v2\/media\/44215"}],"wp:attachment":[{"href":"https:\/\/historiografija.hr\/index.php?rest_route=%2Fwp%2Fv2%2Fmedia&parent=44214"}],"wp:term":[{"taxonomy":"category","embeddable":true,"href":"https:\/\/historiografija.hr\/index.php?rest_route=%2Fwp%2Fv2%2Fcategories&post=44214"},{"taxonomy":"post_tag","embeddable":true,"href":"https:\/\/historiografija.hr\/index.php?rest_route=%2Fwp%2Fv2%2Ftags&post=44214"}],"curies":[{"name":"wp","href":"https:\/\/api.w.org\/{rel}","templated":true}]}}