{"id":44151,"date":"2024-12-31T11:31:33","date_gmt":"2024-12-31T11:31:33","guid":{"rendered":"https:\/\/historiografija.hr\/?p=44151"},"modified":"2025-01-27T13:40:53","modified_gmt":"2025-01-27T13:40:53","slug":"fahd-kasumovic-ur-nasilje-nad-zenama-diskursi-perspektive-lekcije-iz-bh-povijesti","status":"publish","type":"post","link":"https:\/\/historiografija.hr\/?p=44151","title":{"rendered":"Fahd Kasumovi\u0107 (ur.), &#8220;Nasilje nad \u017eenama: Diskursi, perspektive, lekcije iz bh. povijesti&#8221;"},"content":{"rendered":"\n<p>Univerzitet u Sarajevu \u2013 Filozofski fakultet, Fondacija Heinrich B\u00f6ll (Sarajevo) i Heinrich B\u00f6ll Stiftung e.V. (Berlin) objavili su znanstvenu monografiju <em>Nasilje nad \u017eenama: Diskursi, perspektive, lekcije iz bh. povijesti<\/em>. Knjigu je uredio Fahd Kasumovi\u0107, a objavljena je u Sarajevu i Berlinu. Autori poglavlja su: Almir Mari\u0107, D\u017eenan Dautovi\u0107, Fahd Kasumovi\u0107, Amila Kasumovi\u0107, Minela Radu\u0161i\u0107, Adnan Jahi\u0107, Mirza D\u017eananovi\u0107, Sabina Suba\u0161i\u0107 Galijatovi\u0107, Sarina Baki\u0107 i Ajla Demiragi\u0107. &nbsp;&nbsp;<\/p>\n\n\n\n<p>Ova monografija obra\u0111uje problem nasilja nad \u017eenama u bosanskohercegova\u010dkoj povijesti, kao i odnos dru\u0161tva prema navedenom fenomenu od anti\u010dkog perioda do suvremenog doba. Nastala je kao rezultat interdisciplinarne suradnje tima sastavljenog od povjesni\u010dara\/povjesni\u010darki, sociologinja, pravnica i povjesni\u010darki knji\u017eevnosti. Bez obzira na vi\u0161eslojnost i dugotrajnost nasilja nad \u017eenama u BiH, kao i brojne historijske izvore koji govore o tome, nasilje nad \u017eenama predstavlja problematiku koja je dosad bila marginalizirana u historiografiji. Postoje\u0107a znanja su fragmentarna te ne postoji nijedna knjiga koja bi ovo pitanje promatrala na interdiscplinaran na\u010din, kroz razli\u010dite povijesne epohe. \u0160tavi\u0161e, rijetki su i \u010dlanci u kojima se govori o nasilju nad \u017eenama. Dosada\u0161nja saznanja uglavnom se mogu ocijeniti kao uzgredno spominjanje problematike. Cilj ove monografije je popuniti navedenu prazninu te kreirati znanstvenu osnovu na kojoj \u0107e se voditi dijalog o ovoj zna\u010dajnoj temi.<\/p>\n\n\n\n<p>Kako bi postigli postavljeni cilj, autori i autorice poglavlja ove knjige analizirali su veliki broj primarnih izvora u kojima se spominju razli\u010diti oblici fizi\u010dkog, seksualnog, verbalnog, psiholo\u0161kog, strukturnog i ekonomskog nasilja nad \u017eenama. Kori\u0161tena je vi\u0161ejezi\u010dna gra\u0111a na latinskom, osmanskom, njema\u010dkom, engleskom, francuskom, bosanskom, hrvatskom i srpskom jeziku, kao i njihovim predstandardnim jezi\u010dkim idiomima. Me\u0111u pitanjima koji se nalaze u fokusu istra\u017eivanja su povijesna pozadina kulture nasilja nad \u017eenama, mehanizmi koji su doprinosili reprodukciji nasilja unutar patrijarhalnih dru\u0161tava, odnosi mo\u0107i, identitet nasilnika i \u017ertava nasilja, okolnosti pod kojima je po\u010dinjeno nasilje, sociokulturno konsturiranje odnosa prema nasilju i \u017eenama, varijacije u odnosu prema nasilju u razli\u010ditim kulturnim sredinama, sankcioniranje nasilja nad \u017eenama, odnos samih \u017eena prema nasilju te, posebice, na\u010din na koji su se \u017ertve nastojale suprotstavljati ovoj pojavi. Pri tome, posebna pa\u017enja posve\u0107ena je mnogostrukosti povijesnih perspektiva.<\/p>\n\n\n\n<p>Knjiga ima&nbsp; i svoj dru\u0161tveni cilj. Njome se nastoji doprinijeti dru\u0161tvenom dijalogu o eliminaciji razli\u010ditih oblika nasilja nad \u017eenama, promociji kulture nenasilja i rodne ravnopravnosti, osna\u017eivanju \u017eena i djevoj\u010dica, \u0161to su ujedno i ciljevi koji su navedeni u Strategiji odr\u017eivog razvoja UN-a.<\/p>\n\n\n\n<p>Nakon printanog izdanja, planirano je i elektronsko izdanje koje \u0107e biti dostupno na stranici elektronskog izdava\u0161tva FFUNSA i HBS-a u januaru 2025. Sadr\u017eaj knjige mogu\u0107e je pogledati u prilogu ovoj obavijesti. &nbsp;<\/p>\n\n\n\n<p>Knjiga je rezultat istra\u017eiva\u010dkog znanstvenog projekta koji su sufinansirali Ministarstvo za nauku, visoko obrazovanje i mlade Kantona Sarajevo i Heinrich-B\u00f6ll-Stiftung.<\/p>\n\n\n\n<hr class=\"wp-block-separator has-alpha-channel-opacity\"\/>\n\n\n\n<div data-wp-interactive=\"core\/file\" class=\"wp-block-file\"><object data-wp-bind--hidden=\"!state.hasPdfPreview\" hidden class=\"wp-block-file__embed\" data=\"https:\/\/historiografija.hr\/wp-content\/uploads\/2024\/12\/Sadrzaj-Nasilje-nad-zenama.pdf\" type=\"application\/pdf\" style=\"width:100%;height:600px\" aria-label=\"Ugra\u0111eno Sadr\u017eaj Nasilje nad \u017eenama.\"><\/object><a id=\"wp-block-file--media-a08f76d9-d890-4eb3-8a42-7795f19c3be6\" href=\"https:\/\/historiografija.hr\/wp-content\/uploads\/2024\/12\/Sadrzaj-Nasilje-nad-zenama.pdf\">Sadr\u017eaj Nasilje nad \u017eenama<\/a><a href=\"https:\/\/historiografija.hr\/wp-content\/uploads\/2024\/12\/Sadrzaj-Nasilje-nad-zenama.pdf\" class=\"wp-block-file__button wp-element-button\" download aria-describedby=\"wp-block-file--media-a08f76d9-d890-4eb3-8a42-7795f19c3be6\">Preuzmi<\/a><\/div>\n\n\n\n<hr class=\"wp-block-separator has-alpha-channel-opacity\"\/>\n\n\n\n<p>Obavijest je objavljena i na sljede\u0107im poveznicama:<\/p>\n\n\n\n<p><a href=\"https:\/\/historiografija.ba\/knjige\/bosna-i-hercegovina\/nasilje-nad-zenama-diskursi-perspektive-lekcije-iz-bh-povijesti\">https:\/\/historiografija.ba\/knjige\/bosna-i-hercegovina\/nasilje-nad-zenama-diskursi-perspektive-lekcije-iz-bh-povijesti<\/a><\/p>\n\n\n\n<p><a href=\"https:\/\/www.unsa.ba\/novosti\/znanstvena-monografija-nasilje-nad-zenama-diskursi-perspektive-lekcije-iz-bh-povijesti\">https:\/\/www.unsa.ba\/novosti\/znanstvena-monografija-nasilje-nad-zenama-diskursi-perspektive-lekcije-iz-bh-povijesti<\/a><\/p>\n\n\n\n<hr class=\"wp-block-separator has-alpha-channel-opacity\"\/>\n\n\n\n<p>Knjiga je od po\u010detka 2025. godine dostupna i u elektronskoj verziji:<\/p>\n\n\n\n<p><a href=\"https:\/\/ebooks.ff.unsa.ba\/index.php\/ebooks_ffunsa\/catalog\/book\/110\">https:\/\/ebooks.ff.unsa.ba\/index.php\/ebooks_ffunsa\/catalog\/book\/110<\/a><\/p>\n\n\n\n<hr class=\"wp-block-separator has-alpha-channel-opacity\"\/>\n","protected":false},"excerpt":{"rendered":"","protected":false},"author":2,"featured_media":44153,"comment_status":"open","ping_status":"open","sticky":false,"template":"","format":"standard","meta":{"_acf_changed":false,"jetpack_post_was_ever_published":false,"_jetpack_newsletter_access":"","_jetpack_dont_email_post_to_subs":false,"_jetpack_newsletter_tier_id":0,"_jetpack_memberships_contains_paywalled_content":false,"_jetpack_memberships_contains_paid_content":false,"footnotes":"","jetpack_publicize_message":"","jetpack_publicize_feature_enabled":true,"jetpack_social_post_already_shared":true,"jetpack_social_options":{"image_generator_settings":{"template":"highway","default_image_id":0,"font":"","enabled":false},"version":2}},"categories":[19,8,3],"tags":[],"class_list":["post-44151","post","type-post","status-publish","format-standard","has-post-thumbnail","hentry","category-e-knjige","category-knjige","category-novosti"],"acf":{"facebook_opis":""},"jetpack_publicize_connections":[],"jetpack_featured_media_url":"https:\/\/i0.wp.com\/historiografija.hr\/wp-content\/uploads\/2024\/12\/Nasilje-nad-zenama.png?fit=4000%2C2667&ssl=1","jetpack_sharing_enabled":true,"jetpack-related-posts":[],"_links":{"self":[{"href":"https:\/\/historiografija.hr\/index.php?rest_route=\/wp\/v2\/posts\/44151","targetHints":{"allow":["GET"]}}],"collection":[{"href":"https:\/\/historiografija.hr\/index.php?rest_route=\/wp\/v2\/posts"}],"about":[{"href":"https:\/\/historiografija.hr\/index.php?rest_route=\/wp\/v2\/types\/post"}],"author":[{"embeddable":true,"href":"https:\/\/historiografija.hr\/index.php?rest_route=\/wp\/v2\/users\/2"}],"replies":[{"embeddable":true,"href":"https:\/\/historiografija.hr\/index.php?rest_route=%2Fwp%2Fv2%2Fcomments&post=44151"}],"version-history":[{"count":5,"href":"https:\/\/historiografija.hr\/index.php?rest_route=\/wp\/v2\/posts\/44151\/revisions"}],"predecessor-version":[{"id":44560,"href":"https:\/\/historiografija.hr\/index.php?rest_route=\/wp\/v2\/posts\/44151\/revisions\/44560"}],"wp:featuredmedia":[{"embeddable":true,"href":"https:\/\/historiografija.hr\/index.php?rest_route=\/wp\/v2\/media\/44153"}],"wp:attachment":[{"href":"https:\/\/historiografija.hr\/index.php?rest_route=%2Fwp%2Fv2%2Fmedia&parent=44151"}],"wp:term":[{"taxonomy":"category","embeddable":true,"href":"https:\/\/historiografija.hr\/index.php?rest_route=%2Fwp%2Fv2%2Fcategories&post=44151"},{"taxonomy":"post_tag","embeddable":true,"href":"https:\/\/historiografija.hr\/index.php?rest_route=%2Fwp%2Fv2%2Ftags&post=44151"}],"curies":[{"name":"wp","href":"https:\/\/api.w.org\/{rel}","templated":true}]}}