{"id":44144,"date":"2024-12-31T10:48:23","date_gmt":"2024-12-31T10:48:23","guid":{"rendered":"https:\/\/historiografija.hr\/?p=44144"},"modified":"2024-12-31T10:50:16","modified_gmt":"2024-12-31T10:50:16","slug":"j-g-a-pocock-1924-2023","status":"publish","type":"post","link":"https:\/\/historiografija.hr\/?p=44144","title":{"rendered":"J. G. A. Pocock (1924-2023)"},"content":{"rendered":"\n<p>Pro\u0161la je godina dana otkako je u prosincu 2023. u 99. godini preminuo J. G. A. Pocock (1924-2023), koji je zajedno sa Q. Skinnerom imao izniman utjecaj na bavljenje povije\u0161\u0107u politi\u010dke misli, kao i intelektualnom povije\u0161\u0107u u cjelini. Na\u017ealost, njegova smrt pro\u0161la je kod nas nezapa\u017eeno, a preveden je i tek jedan njegov tekst \u201eEntuzijazam: nali\u010dje prosvjetiteljstva\u201c u \u010dasopisu studenata filozofije <a href=\"https:\/\/hrcak.srce.hr\/clanak\/241721\">\u010cemu<\/a> iz 2016. godine. <\/p>\n\n\n\n<hr class=\"wp-block-separator has-alpha-channel-opacity\"\/>\n\n\n\n<p><strong>Obavijesti:<\/strong><\/p>\n\n\n\n<p><a href=\"https:\/\/www.nytimes.com\/2023\/12\/19\/books\/jga-pocock-dead.html\">https:\/\/www.nytimes.com\/2023\/12\/19\/books\/jga-pocock-dead.html<\/a><\/p>\n\n\n\n<p><a href=\"https:\/\/www.washingtonpost.com\/obituaries\/2023\/12\/22\/jga-pocock-historian-dead\">https:\/\/www.washingtonpost.com\/obituaries\/2023\/12\/22\/jga-pocock-historian-dead<\/a><\/p>\n\n\n\n<p><a href=\"https:\/\/hub.jhu.edu\/2023\/12\/18\/pocock-obituary\">https:\/\/hub.jhu.edu\/2023\/12\/18\/pocock-obituary<\/a><\/p>\n\n\n\n<p><a href=\"https:\/\/intellectualhistory.web.ox.ac.uk\/article\/j.-g.-a.-pocock-1924-2023\">https:\/\/intellectualhistory.web.ox.ac.uk\/article\/j.-g.-a.-pocock-1924-2023<\/a><\/p>\n\n\n\n<p><a href=\"https:\/\/www.intellectualhistory.net\/remembering\/jga-pocock\">https:\/\/www.intellectualhistory.net\/remembering\/jga-pocock<\/a><\/p>\n\n\n\n<p><a href=\"https:\/\/history.jhu.edu\/2023\/12\/15\/in-memoriam-professor-j-g-a-pocock\">https:\/\/history.jhu.edu\/2023\/12\/15\/in-memoriam-professor-j-g-a-pocock<\/a><\/p>\n\n\n\n<p><a href=\"https:\/\/www.historians.org\/perspectives-article\/j-g-a-pocock-1924-2023-historian-of-ideas-february-2024\">https:\/\/www.historians.org\/perspectives-article\/j-g-a-pocock-1924-2023-historian-of-ideas-february-2024<\/a><\/p>\n\n\n\n<p><a href=\"https:\/\/www.tandfonline.com\/doi\/full\/10.1080\/10848770.2024.2311444\">https:\/\/www.tandfonline.com\/doi\/full\/10.1080\/10848770.2024.2311444<\/a><\/p>\n\n\n\n<p><a href=\"https:\/\/aeon.co\/essays\/history-is-always-political-and-contest-over-it-is-a-good-thing\">https:\/\/aeon.co\/essays\/history-is-always-political-and-contest-over-it-is-a-good-thing<\/a><\/p>\n\n\n\n<p><a href=\"https:\/\/www.lrb.co.uk\/contributors\/j.g.a.-pocock\">https:\/\/www.lrb.co.uk\/contributors\/j.g.a.-pocock<\/a><\/p>\n\n\n\n<p><a href=\"https:\/\/thecritic.co.uk\/j-g-a-pocock-the-antipodeans-view-of-europe\">https:\/\/thecritic.co.uk\/j-g-a-pocock-the-antipodeans-view-of-europe<\/a><\/p>\n\n\n\n<p><a href=\"https:\/\/www.eui.eu\/events?id=566747\">https:\/\/www.eui.eu\/events?id=566747<\/a><\/p>\n\n\n\n<p><a href=\"https:\/\/www.newstatesman.com\/ideas\/2023\/12\/jga-pocock-ancient-among-moderns\">https:\/\/www.newstatesman.com\/ideas\/2023\/12\/jga-pocock-ancient-among-moderns<\/a><\/p>\n\n\n\n<p><a href=\"https:\/\/www.newstatesman.com\/the-weekend-essay\/2024\/02\/jga-pocock-days-of-rage\">https:\/\/www.newstatesman.com\/the-weekend-essay\/2024\/02\/jga-pocock-days-of-rage<\/a><\/p>\n\n\n\n<p><a href=\"https:\/\/folgerpedia.folger.edu\/J._G._A._Pocock_(1924%E2%80%932023)\">https:\/\/folgerpedia.folger.edu\/J._G._A._Pocock_(1924%E2%80%932023)<\/a><\/p>\n\n\n\n<hr class=\"wp-block-separator has-alpha-channel-opacity\"\/>\n","protected":false},"excerpt":{"rendered":"","protected":false},"author":2,"featured_media":44145,"comment_status":"open","ping_status":"open","sticky":false,"template":"","format":"standard","meta":{"_acf_changed":false,"jetpack_post_was_ever_published":false,"_jetpack_newsletter_access":"","_jetpack_dont_email_post_to_subs":false,"_jetpack_newsletter_tier_id":0,"_jetpack_memberships_contains_paywalled_content":false,"_jetpack_memberships_contains_paid_content":false,"footnotes":"","jetpack_publicize_message":"","jetpack_publicize_feature_enabled":true,"jetpack_social_post_already_shared":true,"jetpack_social_options":{"image_generator_settings":{"template":"highway","default_image_id":0,"font":"","enabled":false},"version":2}},"categories":[3,20],"tags":[],"class_list":["post-44144","post","type-post","status-publish","format-standard","has-post-thumbnail","hentry","category-novosti","category-obavijesti-o-smrti-i-nekrolozi"],"acf":{"facebook_opis":""},"jetpack_publicize_connections":[],"jetpack_featured_media_url":"https:\/\/historiografija.hr\/wp-content\/uploads\/2024\/12\/POCOCK1.jpe","jetpack_sharing_enabled":true,"jetpack-related-posts":[],"_links":{"self":[{"href":"https:\/\/historiografija.hr\/index.php?rest_route=\/wp\/v2\/posts\/44144","targetHints":{"allow":["GET"]}}],"collection":[{"href":"https:\/\/historiografija.hr\/index.php?rest_route=\/wp\/v2\/posts"}],"about":[{"href":"https:\/\/historiografija.hr\/index.php?rest_route=\/wp\/v2\/types\/post"}],"author":[{"embeddable":true,"href":"https:\/\/historiografija.hr\/index.php?rest_route=\/wp\/v2\/users\/2"}],"replies":[{"embeddable":true,"href":"https:\/\/historiografija.hr\/index.php?rest_route=%2Fwp%2Fv2%2Fcomments&post=44144"}],"version-history":[{"count":2,"href":"https:\/\/historiografija.hr\/index.php?rest_route=\/wp\/v2\/posts\/44144\/revisions"}],"predecessor-version":[{"id":44147,"href":"https:\/\/historiografija.hr\/index.php?rest_route=\/wp\/v2\/posts\/44144\/revisions\/44147"}],"wp:featuredmedia":[{"embeddable":true,"href":"https:\/\/historiografija.hr\/index.php?rest_route=\/wp\/v2\/media\/44145"}],"wp:attachment":[{"href":"https:\/\/historiografija.hr\/index.php?rest_route=%2Fwp%2Fv2%2Fmedia&parent=44144"}],"wp:term":[{"taxonomy":"category","embeddable":true,"href":"https:\/\/historiografija.hr\/index.php?rest_route=%2Fwp%2Fv2%2Fcategories&post=44144"},{"taxonomy":"post_tag","embeddable":true,"href":"https:\/\/historiografija.hr\/index.php?rest_route=%2Fwp%2Fv2%2Ftags&post=44144"}],"curies":[{"name":"wp","href":"https:\/\/api.w.org\/{rel}","templated":true}]}}