{"id":44130,"date":"2024-12-31T10:25:18","date_gmt":"2024-12-31T10:25:18","guid":{"rendered":"https:\/\/historiografija.hr\/?p=44130"},"modified":"2024-12-31T10:27:30","modified_gmt":"2024-12-31T10:27:30","slug":"obiljezavanje-stogodisnjice-rodenja-povjesnicara-e-p-thompsona-1924-1993","status":"publish","type":"post","link":"https:\/\/historiografija.hr\/?p=44130","title":{"rendered":"Obilje\u017eavanje stogodi\u0161njice ro\u0111enja povjesni\u010dara E. P. Thompsona (1924-1993)"},"content":{"rendered":"\n<p>Prilikom obilje\u017eavanja stote godi\u0161njice ro\u0111enja povjesni\u010dara E. P. Thompsona (1924-1993) odr\u017ean je tijekom 2024. godine niz raznih doga\u0111anja i objavljeno mnogo razli\u010ditih tekstova, na \u0161to upu\u0107ujemo u nastavku.<\/p>\n\n\n\n<hr class=\"wp-block-separator has-alpha-channel-opacity\"\/>\n\n\n\n<p><a href=\"https:\/\/www.corpus.cam.ac.uk\/articles\/events-accolades-mark-centenary-birth-ep-thompson-m1941\">https:\/\/www.corpus.cam.ac.uk\/articles\/events-accolades-mark-centenary-birth-ep-thompson-m1941<\/a><\/p>\n\n\n\n<figure class=\"wp-block-embed is-type-wp-embed is-provider-past-and-present wp-block-embed-past-and-present\"><div class=\"wp-block-embed__wrapper\">\n<blockquote class=\"wp-embedded-content\" data-secret=\"FDE14V8BB2\"><a href=\"https:\/\/pastandpresent.org.uk\/e-p-thompson-centenary\/\">E.P. Thompson Centenary<\/a><\/blockquote><iframe loading=\"lazy\" class=\"wp-embedded-content\" sandbox=\"allow-scripts\" security=\"restricted\" style=\"position: absolute; visibility: hidden;\" title=\"&#8220;E.P. Thompson Centenary&#8221; &#8212; Past and Present\" src=\"https:\/\/pastandpresent.org.uk\/e-p-thompson-centenary\/embed\/#?secret=DizwV1dAxG#?secret=FDE14V8BB2\" data-secret=\"FDE14V8BB2\" width=\"600\" height=\"338\" frameborder=\"0\" marginwidth=\"0\" marginheight=\"0\" scrolling=\"no\"><\/iframe>\n<\/div><\/figure>\n\n\n\n<p><a href=\"https:\/\/history.cass.anu.edu.au\/events\/ep-thompson-100-history-law-politics\">https:\/\/history.cass.anu.edu.au\/events\/ep-thompson-100-history-law-politics<\/a><\/p>\n\n\n\n<figure class=\"wp-block-embed is-type-wp-embed is-provider-society-for-the-study-of-labour-history wp-block-embed-society-for-the-study-of-labour-history\"><div class=\"wp-block-embed__wrapper\">\n<blockquote class=\"wp-embedded-content\" data-secret=\"LbENfLW0ui\"><a href=\"https:\/\/sslh.org.uk\/2024\/02\/13\/e-p-thompson-at-100-the-personal-and-political\/\">E.P. Thompson at 100: the personal and&nbsp;political<\/a><\/blockquote><iframe loading=\"lazy\" class=\"wp-embedded-content\" sandbox=\"allow-scripts\" security=\"restricted\" style=\"position: absolute; visibility: hidden;\" title=\"&#8220;E.P. Thompson at 100: the personal and&nbsp;political&#8221; &#8212; Society for the Study of Labour History\" src=\"https:\/\/sslh.org.uk\/2024\/02\/13\/e-p-thompson-at-100-the-personal-and-political\/embed\/#?secret=5ImEcGhNJb#?secret=LbENfLW0ui\" data-secret=\"LbENfLW0ui\" width=\"600\" height=\"338\" frameborder=\"0\" marginwidth=\"0\" marginheight=\"0\" scrolling=\"no\"><\/iframe>\n<\/div><\/figure>\n\n\n\n<hr class=\"wp-block-separator has-alpha-channel-opacity\"\/>\n\n\n\n<p><a href=\"https:\/\/www.versobooks.com\/blogs\/news\/e-p-thompson-maker-of-history\">https:\/\/www.versobooks.com\/blogs\/news\/e-p-thompson-maker-of-history<\/a><\/p>\n\n\n\n<p><a href=\"https:\/\/tribunemag.co.uk\/2024\/02\/e-p-thompson-at-100\">https:\/\/tribunemag.co.uk\/2024\/02\/e-p-thompson-at-100<\/a><\/p>\n\n\n\n<p><a href=\"https:\/\/tribunemag.co.uk\/2024\/02\/an-historian-against-the-bomb\">https:\/\/tribunemag.co.uk\/2024\/02\/an-historian-against-the-bomb<\/a><\/p>\n\n\n\n<figure class=\"wp-block-embed is-type-wp-embed is-provider-kmflett-039-s-blog wp-block-embed-kmflett-039-s-blog\"><div class=\"wp-block-embed__wrapper\">\n<blockquote class=\"wp-embedded-content\" data-secret=\"cKV7DqrJJp\"><a href=\"https:\/\/kmflett.wordpress.com\/2024\/02\/20\/e-p-thompson-at-100-still-relevant\/\">E P Thompson&#8217;s 100th anniversary: measuring his relevance as an historian &amp; as a peace&nbsp;campaigner<\/a><\/blockquote><iframe loading=\"lazy\" class=\"wp-embedded-content\" sandbox=\"allow-scripts\" security=\"restricted\" style=\"position: absolute; visibility: hidden;\" title=\"&#8220;E P Thompson&#8217;s 100th anniversary: measuring his relevance as an historian &amp; as a peace&nbsp;campaigner&#8221; &#8212; Kmflett&#039;s Blog\" src=\"https:\/\/kmflett.wordpress.com\/2024\/02\/20\/e-p-thompson-at-100-still-relevant\/embed\/#?secret=s3Tq0yromo#?secret=cKV7DqrJJp\" data-secret=\"cKV7DqrJJp\" width=\"600\" height=\"338\" frameborder=\"0\" marginwidth=\"0\" marginheight=\"0\" scrolling=\"no\"><\/iframe>\n<\/div><\/figure>\n\n\n\n<p><a href=\"https:\/\/jacobin.com\/2024\/02\/historian-e-p-thompson-palestine-cnd\">https:\/\/jacobin.com\/2024\/02\/historian-e-p-thompson-palestine-cnd<\/a><\/p>\n\n\n\n<figure class=\"wp-block-embed is-type-wp-embed is-provider-counterfire wp-block-embed-counterfire\"><div class=\"wp-block-embed__wrapper\">\n<blockquote class=\"wp-embedded-content\" data-secret=\"P9p7QeQjE1\"><a href=\"https:\/\/www.counterfire.org\/article\/ep-thompson-historian-for-the-working-class\/\">EP Thompson: historian for the working class<\/a><\/blockquote><iframe loading=\"lazy\" class=\"wp-embedded-content\" sandbox=\"allow-scripts\" security=\"restricted\" style=\"position: absolute; visibility: hidden;\" title=\"&#8220;EP Thompson: historian for the working class&#8221; &#8212; Counterfire\" src=\"https:\/\/www.counterfire.org\/article\/ep-thompson-historian-for-the-working-class\/embed\/#?secret=2aet1TYp2R#?secret=P9p7QeQjE1\" data-secret=\"P9p7QeQjE1\" width=\"600\" height=\"338\" frameborder=\"0\" marginwidth=\"0\" marginheight=\"0\" scrolling=\"no\"><\/iframe>\n<\/div><\/figure>\n\n\n\n<p><a href=\"https:\/\/www.counterpunch.org\/2024\/02\/02\/e-p-thompson-at-100\">https:\/\/www.counterpunch.org\/2024\/02\/02\/e-p-thompson-at-100<\/a><\/p>\n\n\n\n<figure class=\"wp-block-embed is-type-wp-embed is-provider-laborat-rio-de-estudos-de-hist-ria-dos-mundos-do-trabalho wp-block-embed-laborat-rio-de-estudos-de-hist-ria-dos-mundos-do-trabalho\"><div class=\"wp-block-embed__wrapper\">\n<blockquote class=\"wp-embedded-content\" data-secret=\"ox8RhgQSYr\"><a href=\"https:\/\/lehmt.org\/thompson-at-100-dossier\/\">Thompson at 100\u00a0 Dossier<\/a><\/blockquote><iframe loading=\"lazy\" class=\"wp-embedded-content\" sandbox=\"allow-scripts\" security=\"restricted\" style=\"position: absolute; visibility: hidden;\" title=\"&#8220;Thompson at 100\u00a0 Dossier&#8221; &#8212; Laborat\u00f3rio de Estudos de Hist\u00f3ria dos Mundos do Trabalho\" src=\"https:\/\/lehmt.org\/thompson-at-100-dossier\/embed\/#?secret=xG5zumEg80#?secret=ox8RhgQSYr\" data-secret=\"ox8RhgQSYr\" width=\"600\" height=\"338\" frameborder=\"0\" marginwidth=\"0\" marginheight=\"0\" scrolling=\"no\"><\/iframe>\n<\/div><\/figure>\n\n\n\n<p><a href=\"https:\/\/www.theguardian.com\/commentisfree\/2024\/feb\/04\/what-legendary-historian-tells-us-about-contempt-for-todays-working-class-ep-thompson\">https:\/\/www.theguardian.com\/commentisfree\/2024\/feb\/04\/what-legendary-historian-tells-us-about-contempt-for-todays-working-class-ep-thompson<\/a><\/p>\n\n\n\n<hr class=\"wp-block-separator has-alpha-channel-opacity\"\/>\n","protected":false},"excerpt":{"rendered":"","protected":false},"author":2,"featured_media":44131,"comment_status":"open","ping_status":"open","sticky":false,"template":"","format":"standard","meta":{"_acf_changed":false,"jetpack_post_was_ever_published":false,"_jetpack_newsletter_access":"","_jetpack_dont_email_post_to_subs":false,"_jetpack_newsletter_tier_id":0,"_jetpack_memberships_contains_paywalled_content":false,"_jetpack_memberships_contains_paid_content":false,"footnotes":"","jetpack_publicize_message":"","jetpack_publicize_feature_enabled":true,"jetpack_social_post_already_shared":true,"jetpack_social_options":{"image_generator_settings":{"template":"highway","default_image_id":0,"font":"","enabled":false},"version":2}},"categories":[3],"tags":[],"class_list":["post-44130","post","type-post","status-publish","format-standard","has-post-thumbnail","hentry","category-novosti"],"acf":{"facebook_opis":""},"jetpack_publicize_connections":[],"jetpack_featured_media_url":"https:\/\/i0.wp.com\/historiografija.hr\/wp-content\/uploads\/2024\/12\/E_P_Thompson_100.webp?fit=1200%2C675&ssl=1","jetpack_sharing_enabled":true,"jetpack-related-posts":[],"_links":{"self":[{"href":"https:\/\/historiografija.hr\/index.php?rest_route=\/wp\/v2\/posts\/44130","targetHints":{"allow":["GET"]}}],"collection":[{"href":"https:\/\/historiografija.hr\/index.php?rest_route=\/wp\/v2\/posts"}],"about":[{"href":"https:\/\/historiografija.hr\/index.php?rest_route=\/wp\/v2\/types\/post"}],"author":[{"embeddable":true,"href":"https:\/\/historiografija.hr\/index.php?rest_route=\/wp\/v2\/users\/2"}],"replies":[{"embeddable":true,"href":"https:\/\/historiografija.hr\/index.php?rest_route=%2Fwp%2Fv2%2Fcomments&post=44130"}],"version-history":[{"count":2,"href":"https:\/\/historiografija.hr\/index.php?rest_route=\/wp\/v2\/posts\/44130\/revisions"}],"predecessor-version":[{"id":44133,"href":"https:\/\/historiografija.hr\/index.php?rest_route=\/wp\/v2\/posts\/44130\/revisions\/44133"}],"wp:featuredmedia":[{"embeddable":true,"href":"https:\/\/historiografija.hr\/index.php?rest_route=\/wp\/v2\/media\/44131"}],"wp:attachment":[{"href":"https:\/\/historiografija.hr\/index.php?rest_route=%2Fwp%2Fv2%2Fmedia&parent=44130"}],"wp:term":[{"taxonomy":"category","embeddable":true,"href":"https:\/\/historiografija.hr\/index.php?rest_route=%2Fwp%2Fv2%2Fcategories&post=44130"},{"taxonomy":"post_tag","embeddable":true,"href":"https:\/\/historiografija.hr\/index.php?rest_route=%2Fwp%2Fv2%2Ftags&post=44130"}],"curies":[{"name":"wp","href":"https:\/\/api.w.org\/{rel}","templated":true}]}}