{"id":44116,"date":"2024-12-30T16:15:26","date_gmt":"2024-12-30T16:15:26","guid":{"rendered":"https:\/\/historiografija.hr\/?p=44116"},"modified":"2024-12-30T16:19:35","modified_gmt":"2024-12-30T16:19:35","slug":"izlozba-o-knjizaru-i-likovnom-umjetniku-franji-brucku-autoru-ovitaka-krlezinih-djela","status":"publish","type":"post","link":"https:\/\/historiografija.hr\/?p=44116","title":{"rendered":"Izlo\u017eba o knji\u017earu i likovnom umjetniku Franji Brucku, autoru ovitaka Krle\u017einih djela"},"content":{"rendered":"\n<p>Dana 31. prosinca 2024. godine s po\u010detkom u 12 sati, na ulazu u Prolaz Tomislava Gotovca, na Ilici 1 u Zagrebu, posjetitelji \u0107e imati priliku sudjelovati u umjetni\u010dkom susretu posve\u0107enom velikanu hrvatske kulture &#8211; Franji Brucku. Ovo okupljanje osmi\u0161ljeno je kao simboli\u010dno opro\u0161tajno slavlje Stare godine kroz prizmu umjetnosti i povijesti.<\/p>\n\n\n\n<p>Galerija Ilica 1, smje\u0161tena je u Prolazu Tomislava Gotovca (prolaz neboder) u centru Zagreba.<\/p>\n\n\n\n<p>Franjo Bruck bio je istaknuti hrvatski umjetnik, poznat po svojim pionirskim radovima u podru\u010dju suvremene umjetnosti. Njegov jedinstveni umjetni\u010dki izraz obilje\u017een je istra\u017eivanjem odnosa izme\u0111u prostora, pokreta i simbolike, a njegov opus uklju\u010duje djela koja su ostavila trajan pe\u010dat na regionalnu i me\u0111unarodnu umjetni\u010dku scenu. Bruckova umjetni\u010dka praksa \u010desto je povezivala tradicionalne elemente s modernim pristupima, stvaraju\u0107i djela koja su nadilazila granice vremena i prostora.<\/p>\n\n\n\n<p>Stru\u010dno vodstvo podsjetit \u0107e sudionike na Bruckove inovativne doprinose svjetskoj umjetni\u010dkoj sceni, dok \u0107e atmosfera prolaza, koji simboli\u010dno nosi ime Tomislava Gotovca, pru\u017eiti poseban ambijent za zajedni\u010dko promi\u0161ljanje o povezanosti umjetnosti, urbanog prostora i dru\u0161tva.<\/p>\n\n\n\n<figure class=\"wp-block-image size-full\"><img data-recalc-dims=\"1\" loading=\"lazy\" decoding=\"async\" width=\"585\" height=\"861\" data-attachment-id=\"44119\" data-permalink=\"https:\/\/historiografija.hr\/?attachment_id=44119\" data-orig-file=\"https:\/\/i0.wp.com\/historiografija.hr\/wp-content\/uploads\/2024\/12\/Mars.png?fit=585%2C861&amp;ssl=1\" data-orig-size=\"585,861\" data-comments-opened=\"1\" data-image-meta=\"{&quot;aperture&quot;:&quot;0&quot;,&quot;credit&quot;:&quot;&quot;,&quot;camera&quot;:&quot;&quot;,&quot;caption&quot;:&quot;&quot;,&quot;created_timestamp&quot;:&quot;0&quot;,&quot;copyright&quot;:&quot;&quot;,&quot;focal_length&quot;:&quot;0&quot;,&quot;iso&quot;:&quot;0&quot;,&quot;shutter_speed&quot;:&quot;0&quot;,&quot;title&quot;:&quot;&quot;,&quot;orientation&quot;:&quot;0&quot;}\" data-image-title=\"Mars\" data-image-description=\"\" data-image-caption=\"\" data-large-file=\"https:\/\/i0.wp.com\/historiografija.hr\/wp-content\/uploads\/2024\/12\/Mars.png?fit=585%2C861&amp;ssl=1\" src=\"https:\/\/i0.wp.com\/historiografija.hr\/wp-content\/uploads\/2024\/12\/Mars.png?resize=585%2C861&#038;ssl=1\" alt=\"\" class=\"wp-image-44119\" srcset=\"https:\/\/i0.wp.com\/historiografija.hr\/wp-content\/uploads\/2024\/12\/Mars.png?w=585&amp;ssl=1 585w, https:\/\/i0.wp.com\/historiografija.hr\/wp-content\/uploads\/2024\/12\/Mars.png?resize=204%2C300&amp;ssl=1 204w\" sizes=\"auto, (max-width: 585px) 100vw, 585px\" \/><\/figure>\n\n\n\n<hr class=\"wp-block-separator has-alpha-channel-opacity\"\/>\n\n\n\n<p>Izvori i dodatne obavijesti:<\/p>\n\n\n\n<p><a href=\"https:\/\/www.culturenet.hr\/hr\/prozori-u-umjetnost-izlozbeni-ciklus-u-prolazu-tomislava-gotovca\/216192\">https:\/\/www.culturenet.hr\/hr\/prozori-u-umjetnost-izlozbeni-ciklus-u-prolazu-tomislava-gotovca\/216192<\/a><\/p>\n\n\n\n<p><a href=\"https:\/\/www.facebook.com\/galerijailica\">https:\/\/www.facebook.com\/galerijailica<\/a><\/p>\n\n\n\n<p><a href=\"https:\/\/www.jutarnji.hr\/kultura\/knjizevnost\/brata-su-mu-ubili-u-jasenovcu-stan-zapecatili-a-on-je-morao-bjezati-sve-je-pocelo-zbog-zabranjene-krlezine-knjige-15537615\">https:\/\/www.jutarnji.hr\/kultura\/knjizevnost\/brata-su-mu-ubili-u-jasenovcu-stan-zapecatili-a-on-je-morao-bjezati-sve-je-pocelo-zbog-zabranjene-krlezine-knjige-15537615<\/a><\/p>\n\n\n\n<figure class=\"wp-block-embed is-type-wp-embed is-provider-idovski-biografski-leksikon wp-block-embed-idovski-biografski-leksikon\"><div class=\"wp-block-embed__wrapper\">\n<blockquote class=\"wp-embedded-content\" data-secret=\"uIGAh9fzuJ\"><a href=\"https:\/\/zbl.lzmk.hr\/?p=2960\">BRUCK, Franjo<\/a><\/blockquote><iframe loading=\"lazy\" class=\"wp-embedded-content\" sandbox=\"allow-scripts\" security=\"restricted\" style=\"position: absolute; visibility: hidden;\" title=\"&#8220;BRUCK, Franjo&#8221; &#8212; \u017didovski biografski leksikon\" src=\"https:\/\/zbl.lzmk.hr\/?p=2960&#038;embed=true#?secret=ZQEh5sZ6Jg#?secret=uIGAh9fzuJ\" data-secret=\"uIGAh9fzuJ\" width=\"600\" height=\"338\" frameborder=\"0\" marginwidth=\"0\" marginheight=\"0\" scrolling=\"no\"><\/iframe>\n<\/div><\/figure>\n\n\n\n<p><a href=\"https:\/\/krlezijana.lzmk.hr\/clanak\/bruck-franjo\">https:\/\/krlezijana.lzmk.hr\/clanak\/bruck-franjo<\/a><\/p>\n\n\n\n<hr class=\"wp-block-separator has-alpha-channel-opacity\"\/>\n","protected":false},"excerpt":{"rendered":"","protected":false},"author":2,"featured_media":44120,"comment_status":"open","ping_status":"open","sticky":false,"template":"","format":"standard","meta":{"_acf_changed":false,"jetpack_post_was_ever_published":false,"_jetpack_newsletter_access":"","_jetpack_dont_email_post_to_subs":false,"_jetpack_newsletter_tier_id":0,"_jetpack_memberships_contains_paywalled_content":false,"_jetpack_memberships_contains_paid_content":false,"footnotes":"","jetpack_publicize_message":"","jetpack_publicize_feature_enabled":true,"jetpack_social_post_already_shared":true,"jetpack_social_options":{"image_generator_settings":{"template":"highway","default_image_id":0,"font":"","enabled":false},"version":2}},"categories":[10,3],"tags":[],"class_list":["post-44116","post","type-post","status-publish","format-standard","has-post-thumbnail","hentry","category-izlozbe","category-novosti"],"acf":{"facebook_opis":""},"jetpack_publicize_connections":[],"jetpack_featured_media_url":"https:\/\/i0.wp.com\/historiografija.hr\/wp-content\/uploads\/2024\/12\/Bruck.jpg?fit=1080%2C1081&ssl=1","jetpack_sharing_enabled":true,"jetpack-related-posts":[],"_links":{"self":[{"href":"https:\/\/historiografija.hr\/index.php?rest_route=\/wp\/v2\/posts\/44116","targetHints":{"allow":["GET"]}}],"collection":[{"href":"https:\/\/historiografija.hr\/index.php?rest_route=\/wp\/v2\/posts"}],"about":[{"href":"https:\/\/historiografija.hr\/index.php?rest_route=\/wp\/v2\/types\/post"}],"author":[{"embeddable":true,"href":"https:\/\/historiografija.hr\/index.php?rest_route=\/wp\/v2\/users\/2"}],"replies":[{"embeddable":true,"href":"https:\/\/historiografija.hr\/index.php?rest_route=%2Fwp%2Fv2%2Fcomments&post=44116"}],"version-history":[{"count":4,"href":"https:\/\/historiografija.hr\/index.php?rest_route=\/wp\/v2\/posts\/44116\/revisions"}],"predecessor-version":[{"id":44122,"href":"https:\/\/historiografija.hr\/index.php?rest_route=\/wp\/v2\/posts\/44116\/revisions\/44122"}],"wp:featuredmedia":[{"embeddable":true,"href":"https:\/\/historiografija.hr\/index.php?rest_route=\/wp\/v2\/media\/44120"}],"wp:attachment":[{"href":"https:\/\/historiografija.hr\/index.php?rest_route=%2Fwp%2Fv2%2Fmedia&parent=44116"}],"wp:term":[{"taxonomy":"category","embeddable":true,"href":"https:\/\/historiografija.hr\/index.php?rest_route=%2Fwp%2Fv2%2Fcategories&post=44116"},{"taxonomy":"post_tag","embeddable":true,"href":"https:\/\/historiografija.hr\/index.php?rest_route=%2Fwp%2Fv2%2Ftags&post=44116"}],"curies":[{"name":"wp","href":"https:\/\/api.w.org\/{rel}","templated":true}]}}