{"id":44103,"date":"2024-12-30T12:31:28","date_gmt":"2024-12-30T12:31:28","guid":{"rendered":"https:\/\/historiografija.hr\/?p=44103"},"modified":"2024-12-30T12:37:09","modified_gmt":"2024-12-30T12:37:09","slug":"zagreb-dobio-park-mirjane-gross","status":"publish","type":"post","link":"https:\/\/historiografija.hr\/?p=44103","title":{"rendered":"Zagreb dobio Park Mirjane Gross"},"content":{"rendered":"\n<p>U Zagrebu je na podru\u010dju Gradske \u010detvrti Tre\u0161njevka-jug upravo imenovan park po povjesni\u010darki Mirjani Gross, koji se nalazi tik uz ulice Jaroslava \u0160idaka i Grge Novaka.<\/p>\n\n\n\n<p><a href=\"https:\/\/www.google.com\/maps\/place\/Park+Mirjane+Gross\/@45.7903457,15.9502445,84m\/data=!3m1!1e3!4m6!3m5!1s0x4765d7002b3fc627:0xd4e48b2e19f143a2!8m2!3d45.7905113!4d15.9504865!16s%2Fg%2F11lyzypjxm?entry=ttu&amp;g_ep=EgoyMDI0MTIxMS4wIKXMDSoASAFQAw%3D%3D\">Lokacija<\/a><\/p>\n\n\n\n<hr class=\"wp-block-separator has-alpha-channel-opacity\"\/>\n\n\n\n<figure class=\"wp-block-image size-large\"><img data-recalc-dims=\"1\" loading=\"lazy\" decoding=\"async\" width=\"860\" height=\"643\" data-attachment-id=\"44104\" data-permalink=\"https:\/\/historiografija.hr\/?attachment_id=44104\" data-orig-file=\"https:\/\/i0.wp.com\/historiografija.hr\/wp-content\/uploads\/2024\/12\/Park-Mirjane-Gross-scaled.jpg?fit=2560%2C1916&amp;ssl=1\" data-orig-size=\"2560,1916\" data-comments-opened=\"1\" data-image-meta=\"{&quot;aperture&quot;:&quot;0&quot;,&quot;credit&quot;:&quot;&quot;,&quot;camera&quot;:&quot;&quot;,&quot;caption&quot;:&quot;&quot;,&quot;created_timestamp&quot;:&quot;0&quot;,&quot;copyright&quot;:&quot;&quot;,&quot;focal_length&quot;:&quot;0&quot;,&quot;iso&quot;:&quot;0&quot;,&quot;shutter_speed&quot;:&quot;0&quot;,&quot;title&quot;:&quot;&quot;,&quot;orientation&quot;:&quot;1&quot;}\" data-image-title=\"Park Mirjane Gross\" data-image-description=\"\" data-image-caption=\"\" data-large-file=\"https:\/\/i0.wp.com\/historiografija.hr\/wp-content\/uploads\/2024\/12\/Park-Mirjane-Gross-scaled.jpg?fit=860%2C643&amp;ssl=1\" src=\"https:\/\/i0.wp.com\/historiografija.hr\/wp-content\/uploads\/2024\/12\/Park-Mirjane-Gross.jpg?resize=860%2C643&#038;ssl=1\" alt=\"\" class=\"wp-image-44104\" srcset=\"https:\/\/i0.wp.com\/historiografija.hr\/wp-content\/uploads\/2024\/12\/Park-Mirjane-Gross-scaled.jpg?resize=1024%2C766&amp;ssl=1 1024w, https:\/\/i0.wp.com\/historiografija.hr\/wp-content\/uploads\/2024\/12\/Park-Mirjane-Gross-scaled.jpg?resize=300%2C224&amp;ssl=1 300w, https:\/\/i0.wp.com\/historiografija.hr\/wp-content\/uploads\/2024\/12\/Park-Mirjane-Gross-scaled.jpg?resize=768%2C575&amp;ssl=1 768w, https:\/\/i0.wp.com\/historiografija.hr\/wp-content\/uploads\/2024\/12\/Park-Mirjane-Gross-scaled.jpg?resize=1536%2C1149&amp;ssl=1 1536w, https:\/\/i0.wp.com\/historiografija.hr\/wp-content\/uploads\/2024\/12\/Park-Mirjane-Gross-scaled.jpg?resize=2048%2C1532&amp;ssl=1 2048w, https:\/\/i0.wp.com\/historiografija.hr\/wp-content\/uploads\/2024\/12\/Park-Mirjane-Gross-scaled.jpg?w=1720&amp;ssl=1 1720w\" sizes=\"auto, (max-width: 860px) 100vw, 860px\" \/><\/figure>\n\n\n\n<hr class=\"wp-block-separator has-alpha-channel-opacity\"\/>\n\n\n\n<p>Op\u0161irnije:<\/p>\n\n\n\n<p><a href=\"https:\/\/zagreb.hr\/nacrt-prijedloga-odluke-o-imenovanju-parka-mirjane\/198043\">https:\/\/zagreb.hr\/nacrt-prijedloga-odluke-o-imenovanju-parka-mirjane\/198043<\/a><\/p>\n\n\n\n<p><a href=\"https:\/\/www.vecernji.hr\/zagreb\/zagreb-dobio-tri-nova-parka-a-imena-nose-po-slavnoj-povjesnicarki-arhitektu-te-umjetniku-evo-gdje-1798410\">https:\/\/www.vecernji.hr\/zagreb\/zagreb-dobio-tri-nova-parka-a-imena-nose-po-slavnoj-povjesnicarki-arhitektu-te-umjetniku-evo-gdje-1798410<\/a><\/p>\n\n\n\n<p><a href=\"https:\/\/www.jutarnji.hr\/kultura\/art\/znate-li-po-kome-ce-nositi-ime-novi-park-na-trnju-taj-je-covjek-promijenio-izgled-vukovarske-ulice-15501478\">https:\/\/www.jutarnji.hr\/kultura\/art\/znate-li-po-kome-ce-nositi-ime-novi-park-na-trnju-taj-je-covjek-promijenio-izgled-vukovarske-ulice-15501478<\/a><\/p>\n\n\n\n<p><a href=\"https:\/\/www.jutarnji.hr\/kultura\/art\/jedan-park-dobit-ce-ime-po-umjetnici-ubijenoj-u-auschwitzu-u-zagrebu-uskoro-i-ulica-mire-furlan-15153434\">https:\/\/www.jutarnji.hr\/kultura\/art\/jedan-park-dobit-ce-ime-po-umjetnici-ubijenoj-u-auschwitzu-u-zagrebu-uskoro-i-ulica-mire-furlan-15153434<\/a><\/p>\n\n\n\n<hr class=\"wp-block-separator has-alpha-channel-opacity\"\/>\n","protected":false},"excerpt":{"rendered":"","protected":false},"author":2,"featured_media":44104,"comment_status":"open","ping_status":"open","sticky":false,"template":"","format":"standard","meta":{"_acf_changed":false,"jetpack_post_was_ever_published":false,"_jetpack_newsletter_access":"","_jetpack_dont_email_post_to_subs":false,"_jetpack_newsletter_tier_id":0,"_jetpack_memberships_contains_paywalled_content":false,"_jetpack_memberships_contains_paid_content":false,"footnotes":"","jetpack_publicize_message":"","jetpack_publicize_feature_enabled":true,"jetpack_social_post_already_shared":true,"jetpack_social_options":{"image_generator_settings":{"template":"highway","default_image_id":0,"font":"","enabled":false},"version":2}},"categories":[3],"tags":[],"class_list":["post-44103","post","type-post","status-publish","format-standard","has-post-thumbnail","hentry","category-novosti"],"acf":{"facebook_opis":""},"jetpack_publicize_connections":[],"jetpack_featured_media_url":"https:\/\/i0.wp.com\/historiografija.hr\/wp-content\/uploads\/2024\/12\/Park-Mirjane-Gross-scaled.jpg?fit=2560%2C1916&ssl=1","jetpack_sharing_enabled":true,"jetpack-related-posts":[{"id":52673,"url":"https:\/\/historiografija.hr\/?p=52673","url_meta":{"origin":44103,"position":0},"title":"TWO POSTDOCTORAL POSITIONS IN THE &#8220;PROLETGARD ERC STARTING GRANT PROJECT&#8221;, KASS\u00c1K FOUNDATION, BUDAPEST (DEADLINE: 1ST MAY 2026)","author":"Branimir Jankovi\u0107","date":"27. travnja 2026.","format":false,"excerpt":"This five-year ERC-funded project examines how avant-garde art contributed to the formation of a workers\u2019 movement counterculture in East Central Europe after 1918. It argues that socialist and avant-garde periodicals, groups, and figures shaped both avant-garde culture and transnational workers\u2019 movements. Focusing on the successor states of the Austro\u2013Hungarian Empire\u2026","rel":"","context":"U &quot;Novosti&quot;","block_context":{"text":"Novosti","link":"https:\/\/historiografija.hr\/?cat=3"},"img":{"alt_text":"","src":"https:\/\/i0.wp.com\/historiografija.hr\/wp-content\/uploads\/2017\/10\/hsozkult.png?fit=1006%2C241&ssl=1&resize=350%2C200","width":350,"height":200,"srcset":"https:\/\/i0.wp.com\/historiografija.hr\/wp-content\/uploads\/2017\/10\/hsozkult.png?fit=1006%2C241&ssl=1&resize=350%2C200 1x, https:\/\/i0.wp.com\/historiografija.hr\/wp-content\/uploads\/2017\/10\/hsozkult.png?fit=1006%2C241&ssl=1&resize=525%2C300 1.5x, https:\/\/i0.wp.com\/historiografija.hr\/wp-content\/uploads\/2017\/10\/hsozkult.png?fit=1006%2C241&ssl=1&resize=700%2C400 2x"},"classes":[]}],"_links":{"self":[{"href":"https:\/\/historiografija.hr\/index.php?rest_route=\/wp\/v2\/posts\/44103","targetHints":{"allow":["GET"]}}],"collection":[{"href":"https:\/\/historiografija.hr\/index.php?rest_route=\/wp\/v2\/posts"}],"about":[{"href":"https:\/\/historiografija.hr\/index.php?rest_route=\/wp\/v2\/types\/post"}],"author":[{"embeddable":true,"href":"https:\/\/historiografija.hr\/index.php?rest_route=\/wp\/v2\/users\/2"}],"replies":[{"embeddable":true,"href":"https:\/\/historiografija.hr\/index.php?rest_route=%2Fwp%2Fv2%2Fcomments&post=44103"}],"version-history":[{"count":6,"href":"https:\/\/historiografija.hr\/index.php?rest_route=\/wp\/v2\/posts\/44103\/revisions"}],"predecessor-version":[{"id":44111,"href":"https:\/\/historiografija.hr\/index.php?rest_route=\/wp\/v2\/posts\/44103\/revisions\/44111"}],"wp:featuredmedia":[{"embeddable":true,"href":"https:\/\/historiografija.hr\/index.php?rest_route=\/wp\/v2\/media\/44104"}],"wp:attachment":[{"href":"https:\/\/historiografija.hr\/index.php?rest_route=%2Fwp%2Fv2%2Fmedia&parent=44103"}],"wp:term":[{"taxonomy":"category","embeddable":true,"href":"https:\/\/historiografija.hr\/index.php?rest_route=%2Fwp%2Fv2%2Fcategories&post=44103"},{"taxonomy":"post_tag","embeddable":true,"href":"https:\/\/historiografija.hr\/index.php?rest_route=%2Fwp%2Fv2%2Ftags&post=44103"}],"curies":[{"name":"wp","href":"https:\/\/api.w.org\/{rel}","templated":true}]}}