{"id":44060,"date":"2024-12-27T13:57:07","date_gmt":"2024-12-27T13:57:07","guid":{"rendered":"https:\/\/historiografija.hr\/?p=44060"},"modified":"2024-12-27T14:04:33","modified_gmt":"2024-12-27T14:04:33","slug":"casopis-za-suvremenu-povijest-br-1-2024-i-nastavak-polemika-vladimira-geigera-i-ive-goldsteina","status":"publish","type":"post","link":"https:\/\/historiografija.hr\/?p=44060","title":{"rendered":"\u201e\u010casopis za suvremenu povijest\u201c (br. 1-2024) i nastavak polemika Vladimira Geigera i Ive Goldsteina"},"content":{"rendered":"\n<p>Objavljen je novi broj \u201e\u010casopisa za suvremenu povijest\u201c (sv. 56, br. 1, 2024), koji je u cijelosti dostupan na portalu hrvatskih znanstvenih i stru\u010dnih \u010dasopisa Hr\u010dak.<\/p>\n\n\n\n<hr class=\"wp-block-separator has-alpha-channel-opacity\"\/>\n\n\n\n<p>Op\u0161irnije na poveznici:<\/p>\n\n\n\n<p><a href=\"https:\/\/hrcak.srce.hr\/broj\/24981\">https:\/\/hrcak.srce.hr\/broj\/24981<\/a><\/p>\n\n\n\n<hr class=\"wp-block-separator has-alpha-channel-opacity\"\/>\n\n\n\n<p>Odjeci:<\/p>\n\n\n\n<p><a href=\"https:\/\/historiografija.ba\/casopisi\/jugoistocna-evropa\/o-prepisci-kresevljakovica-i-sisica-prehrani-stanovnistva-sarajeva-i-drugim-temama\">https:\/\/historiografija.ba\/casopisi\/jugoistocna-evropa\/o-prepisci-kresevljakovica-i-sisica-prehrani-stanovnistva-sarajeva-i-drugim-temama<\/a><\/p>\n\n\n\n<p><a href=\"https:\/\/www.maxportal.hr\/premium-sadrzaj\/dr-geiger-o-knjizi-ive-goldsteina-povijest-bez-fusnota\">https:\/\/www.maxportal.hr\/premium-sadrzaj\/dr-geiger-o-knjizi-ive-goldsteina-povijest-bez-fusnota<\/a><\/p>\n\n\n\n<figure class=\"wp-block-embed is-type-wp-embed is-provider-narod-hr wp-block-embed-narod-hr\"><div class=\"wp-block-embed__wrapper\">\n<blockquote class=\"wp-embedded-content\" data-secret=\"ZzCEXBUbC0\"><a href=\"https:\/\/narod.hr\/hrvatska\/geiger-opet-poklopio-goldsteina-izumitelja-drobilice-skromno-hvali-sebe-i-svog-oca\">Geiger opet &#8216;poklopio&#8217; Goldsteina, &#8216;izumitelja drobilice&#8217;: &#8216;Skromno hvali sebe i svog Oca&#8217;<\/a><\/blockquote><iframe loading=\"lazy\" class=\"wp-embedded-content\" sandbox=\"allow-scripts\" security=\"restricted\" style=\"position: absolute; visibility: hidden;\" title=\"&#8220;Geiger opet &#8216;poklopio&#8217; Goldsteina, &#8216;izumitelja drobilice&#8217;: &#8216;Skromno hvali sebe i svog Oca&#8217;&#8221; &#8212; narod.hr\" src=\"https:\/\/narod.hr\/hrvatska\/geiger-opet-poklopio-goldsteina-izumitelja-drobilice-skromno-hvali-sebe-i-svog-oca\/embed#?secret=XyjWOrJonM#?secret=ZzCEXBUbC0\" data-secret=\"ZzCEXBUbC0\" width=\"600\" height=\"338\" frameborder=\"0\" marginwidth=\"0\" marginheight=\"0\" scrolling=\"no\"><\/iframe>\n<\/div><\/figure>\n\n\n\n<p><a href=\"https:\/\/hrcak.srce.hr\/en\/clanak\/468713\">https:\/\/hrcak.srce.hr\/en\/clanak\/468713<\/a><\/p>\n\n\n\n<hr class=\"wp-block-separator has-alpha-channel-opacity\"\/>\n","protected":false},"excerpt":{"rendered":"","protected":false},"author":2,"featured_media":44061,"comment_status":"open","ping_status":"open","sticky":false,"template":"","format":"standard","meta":{"_acf_changed":false,"jetpack_post_was_ever_published":false,"_jetpack_newsletter_access":"","_jetpack_dont_email_post_to_subs":false,"_jetpack_newsletter_tier_id":0,"_jetpack_memberships_contains_paywalled_content":false,"_jetpack_memberships_contains_paid_content":false,"footnotes":"","jetpack_publicize_message":"","jetpack_publicize_feature_enabled":true,"jetpack_social_post_already_shared":true,"jetpack_social_options":{"image_generator_settings":{"template":"highway","default_image_id":0,"font":"","enabled":false},"version":2}},"categories":[21,3,17],"tags":[],"class_list":["post-44060","post","type-post","status-publish","format-standard","has-post-thumbnail","hentry","category-casopisi","category-novosti","category-rasprave"],"acf":{"facebook_opis":""},"jetpack_publicize_connections":[],"jetpack_featured_media_url":"https:\/\/i0.wp.com\/historiografija.hr\/wp-content\/uploads\/2024\/12\/csp-2024-1.jpg?fit=450%2C598&ssl=1","jetpack_sharing_enabled":true,"jetpack-related-posts":[{"id":52148,"url":"https:\/\/historiografija.hr\/?p=52148","url_meta":{"origin":44060,"position":0},"title":"Poziv za prijavu na me\u0111unarodnu znanstvenu konferenciju \u201eGranice (ne)slobode: Zadarski krug 1966. Intelektualna opozicija u totalitarnom dru\u0161tvu\u201c","author":"Branimir Jankovi\u0107","date":"27. o\u017eujka 2026.","format":false,"excerpt":"\u00a0\u00a0\u00a0\u00a0 Povodom \u0161ezdesete obljetnice poku\u0161aja osnivanja \u010dasopisa Slobodan glas u Zadru 1966. godine, pozivamo vas na znanstvenu konferenciju posve\u0107enu istra\u017eivanju disidentstva, intelektualne opozicije i granica divergentnog mi\u0161ljenja nasuprot slu\u017ebenoj ideologiji u komunisti\u010dkoj Jugoslaviji. Ideja konferencije je analizirati konkretan fenomen zadarskog slu\u010daja razloge i okolnosti njegove pojave, ali uz otvaranje komparativnih\u2026","rel":"","context":"U &quot;Novosti&quot;","block_context":{"text":"Novosti","link":"https:\/\/historiografija.hr\/?cat=3"},"img":{"alt_text":"","src":"https:\/\/i0.wp.com\/historiografija.hr\/wp-content\/uploads\/2026\/03\/Poziv-konferencija-Zadar.jpg?fit=1200%2C509&ssl=1&resize=350%2C200","width":350,"height":200,"srcset":"https:\/\/i0.wp.com\/historiografija.hr\/wp-content\/uploads\/2026\/03\/Poziv-konferencija-Zadar.jpg?fit=1200%2C509&ssl=1&resize=350%2C200 1x, https:\/\/i0.wp.com\/historiografija.hr\/wp-content\/uploads\/2026\/03\/Poziv-konferencija-Zadar.jpg?fit=1200%2C509&ssl=1&resize=525%2C300 1.5x, https:\/\/i0.wp.com\/historiografija.hr\/wp-content\/uploads\/2026\/03\/Poziv-konferencija-Zadar.jpg?fit=1200%2C509&ssl=1&resize=700%2C400 2x, https:\/\/i0.wp.com\/historiografija.hr\/wp-content\/uploads\/2026\/03\/Poziv-konferencija-Zadar.jpg?fit=1200%2C509&ssl=1&resize=1050%2C600 3x"},"classes":[]},{"id":52496,"url":"https:\/\/historiografija.hr\/?p=52496","url_meta":{"origin":44060,"position":1},"title":"30 godina Podru\u017enice \u2013 Javno predavanje Matea \u010calu\u0161i\u0107a \u201eSlavonski Brod u Domovinskom ratu\u201c","author":"Branimir Jankovi\u0107","date":"17. travnja 2026.","format":false,"excerpt":"U 2026. navr\u0161ava se trideset godina od osnutka Podru\u017enice za povijest Slavonije, Srijema i Baranje Hrvatskoga instituta za povijest. Obilje\u017eavanje ove zna\u010dajne obljetnice zapo\u010dinje ciklusom javnih povijesnih predavanja znanstvenika Instituta. Tre\u0107e po redu je predavanje Matea \u010calu\u0161i\u0107a \u2013 \u201eSLAVONSKI BROD U DOMOVINSKOM RATU\u201c. Predavanje \u0107e se odr\u017eati 21. travnja 2026.\u2026","rel":"","context":"U &quot;Novosti&quot;","block_context":{"text":"Novosti","link":"https:\/\/historiografija.hr\/?cat=3"},"img":{"alt_text":"","src":"https:\/\/i0.wp.com\/historiografija.hr\/wp-content\/uploads\/2026\/04\/Predavanje-Calusic.png?fit=860%2C1200&ssl=1&resize=350%2C200","width":350,"height":200,"srcset":"https:\/\/i0.wp.com\/historiografija.hr\/wp-content\/uploads\/2026\/04\/Predavanje-Calusic.png?fit=860%2C1200&ssl=1&resize=350%2C200 1x, https:\/\/i0.wp.com\/historiografija.hr\/wp-content\/uploads\/2026\/04\/Predavanje-Calusic.png?fit=860%2C1200&ssl=1&resize=525%2C300 1.5x, https:\/\/i0.wp.com\/historiografija.hr\/wp-content\/uploads\/2026\/04\/Predavanje-Calusic.png?fit=860%2C1200&ssl=1&resize=700%2C400 2x"},"classes":[]},{"id":52502,"url":"https:\/\/historiografija.hr\/?p=52502","url_meta":{"origin":44060,"position":2},"title":"Novi znanstveni projekt Hrvatskog instituta za povijest: \u201c\u017drtve ratova i dr\u017eavnog\/politi\u010dkog nasilja u hrvatskoj povijesti 20. stolje\u0107a\u201d","author":"Branimir Jankovi\u0107","date":"17. travnja 2026.","format":false,"excerpt":"Na redovitoj sjednici Vlade RH, 16. travnja 2026., donijet je Zaklju\u010dak kojim se pokre\u0107e znanstveni projekt \u201c\u017drtve ratova i dr\u017eavnog\/politi\u010dkog nasilja u hrvatskoj povijesti 20. stolje\u0107a\u201d. Projekt \u0107e provoditi i koordinirati Hrvatski institut za povijest u razdoblju trajanja projekta od pet godina. Zakljucak Vlade RH Iz teksta projektnog prijedloga: Problematika\u2026","rel":"","context":"U &quot;Novosti&quot;","block_context":{"text":"Novosti","link":"https:\/\/historiografija.hr\/?cat=3"},"img":{"alt_text":"","src":"https:\/\/i0.wp.com\/historiografija.hr\/wp-content\/uploads\/2026\/04\/Vlada-RH.jpg?fit=1200%2C557&ssl=1&resize=350%2C200","width":350,"height":200,"srcset":"https:\/\/i0.wp.com\/historiografija.hr\/wp-content\/uploads\/2026\/04\/Vlada-RH.jpg?fit=1200%2C557&ssl=1&resize=350%2C200 1x, https:\/\/i0.wp.com\/historiografija.hr\/wp-content\/uploads\/2026\/04\/Vlada-RH.jpg?fit=1200%2C557&ssl=1&resize=525%2C300 1.5x, https:\/\/i0.wp.com\/historiografija.hr\/wp-content\/uploads\/2026\/04\/Vlada-RH.jpg?fit=1200%2C557&ssl=1&resize=700%2C400 2x, https:\/\/i0.wp.com\/historiografija.hr\/wp-content\/uploads\/2026\/04\/Vlada-RH.jpg?fit=1200%2C557&ssl=1&resize=1050%2C600 3x"},"classes":[]},{"id":52633,"url":"https:\/\/historiografija.hr\/?p=52633","url_meta":{"origin":44060,"position":3},"title":"POVIJEST TRE\u0160NJEVA\u010cKE GLAZBE: prikupljanje virtualnog fundusa Muzeja susjedstva Tre\u0161njevka","author":"Branimir Jankovi\u0107","date":"23. travnja 2026.","format":false,"excerpt":"utorak 28. 4. 2026. 14 - 18 h Nova BAZA, Nova cesta 66, Zagreb Prvi su dani ljeta 1957. godine. Bo\u017eica Kalafati\u0107 poha\u0111a drugi razred Osnovne \u0161kole Bratstvo i jedinstvo, danas kralja Tomislava, a ide i na muzi\u010dke satove u Mo\u0161\u0107eni\u010dkoj ulici. Na fotografiji s harmonikom u rukama stoji u\u2026","rel":"","context":"U &quot;Novosti&quot;","block_context":{"text":"Novosti","link":"https:\/\/historiografija.hr\/?cat=3"},"img":{"alt_text":"","src":"https:\/\/i0.wp.com\/historiografija.hr\/wp-content\/uploads\/2026\/04\/MST_prikupljanje.jpg?fit=380%2C475&ssl=1&resize=350%2C200","width":350,"height":200},"classes":[]},{"id":52573,"url":"https:\/\/historiografija.hr\/?p=52573","url_meta":{"origin":44060,"position":4},"title":"Znanstvena konferencija &#8220;Filozofija odgoja: povijest, praksa, perspektive&#8221;","author":"Branimir Jankovi\u0107","date":"21. travnja 2026.","format":false,"excerpt":"Znanstvena konferencija \"Filozofija odgoja: povijest, praksa, perspektive\" odr\u017eat \u0107e se 23. i 24. travnja 2026. u Konferencijskoj dvorani Knji\u017enice Filozofskog fakulteta u Zagrebu (2. kat).\u00a0Konferencija je organizirana u okviru projekta\u00a0SUMKOS (voditeljica prof. dr. sc. Ivana Zagorac, financiran\u00a0sredstvima NextGenerationEU), uz potporu Odsjeka za filozofiju.\u00a0 Uz izlaga\u010dki dio, konferencija obuhva\u0107a i izlo\u017ebu\u2026","rel":"","context":"U &quot;Novosti&quot;","block_context":{"text":"Novosti","link":"https:\/\/historiografija.hr\/?cat=3"},"img":{"alt_text":"","src":"","width":0,"height":0},"classes":[]},{"id":52559,"url":"https:\/\/historiografija.hr\/?p=52559","url_meta":{"origin":44060,"position":5},"title":"Dobitnici dr\u017eavne nagrade za znanost za 2024. godinu","author":"Branimir Jankovi\u0107","date":"20. travnja 2026.","format":false,"excerpt":"Na sjednici Odbora za podjelu dr\u017eavnih nagrada za znanost odr\u017eanoj 16. travnja 2026. godine donesena je Odluka o dodjeli dr\u017eavnih nagrada za znanost za 2024. godinu. Godi\u0161njom nagradom za popularizaciju i promid\u017ebu znanosti nagra\u0111eni su u podru\u010dju humanisti\u010dkih znanosti znanstveni suradnici dr. sc. Josip Mihaljevi\u0107 i dr. sc. Gordan Ravan\u010di\u0107,\u2026","rel":"","context":"U &quot;Novosti&quot;","block_context":{"text":"Novosti","link":"https:\/\/historiografija.hr\/?cat=3"},"img":{"alt_text":"","src":"https:\/\/i0.wp.com\/historiografija.hr\/wp-content\/uploads\/2021\/12\/povijesne-kontroverze.jpg?fit=1200%2C675&ssl=1&resize=350%2C200","width":350,"height":200,"srcset":"https:\/\/i0.wp.com\/historiografija.hr\/wp-content\/uploads\/2021\/12\/povijesne-kontroverze.jpg?fit=1200%2C675&ssl=1&resize=350%2C200 1x, https:\/\/i0.wp.com\/historiografija.hr\/wp-content\/uploads\/2021\/12\/povijesne-kontroverze.jpg?fit=1200%2C675&ssl=1&resize=525%2C300 1.5x, https:\/\/i0.wp.com\/historiografija.hr\/wp-content\/uploads\/2021\/12\/povijesne-kontroverze.jpg?fit=1200%2C675&ssl=1&resize=700%2C400 2x, https:\/\/i0.wp.com\/historiografija.hr\/wp-content\/uploads\/2021\/12\/povijesne-kontroverze.jpg?fit=1200%2C675&ssl=1&resize=1050%2C600 3x"},"classes":[]}],"_links":{"self":[{"href":"https:\/\/historiografija.hr\/index.php?rest_route=\/wp\/v2\/posts\/44060","targetHints":{"allow":["GET"]}}],"collection":[{"href":"https:\/\/historiografija.hr\/index.php?rest_route=\/wp\/v2\/posts"}],"about":[{"href":"https:\/\/historiografija.hr\/index.php?rest_route=\/wp\/v2\/types\/post"}],"author":[{"embeddable":true,"href":"https:\/\/historiografija.hr\/index.php?rest_route=\/wp\/v2\/users\/2"}],"replies":[{"embeddable":true,"href":"https:\/\/historiografija.hr\/index.php?rest_route=%2Fwp%2Fv2%2Fcomments&post=44060"}],"version-history":[{"count":3,"href":"https:\/\/historiografija.hr\/index.php?rest_route=\/wp\/v2\/posts\/44060\/revisions"}],"predecessor-version":[{"id":44064,"href":"https:\/\/historiografija.hr\/index.php?rest_route=\/wp\/v2\/posts\/44060\/revisions\/44064"}],"wp:featuredmedia":[{"embeddable":true,"href":"https:\/\/historiografija.hr\/index.php?rest_route=\/wp\/v2\/media\/44061"}],"wp:attachment":[{"href":"https:\/\/historiografija.hr\/index.php?rest_route=%2Fwp%2Fv2%2Fmedia&parent=44060"}],"wp:term":[{"taxonomy":"category","embeddable":true,"href":"https:\/\/historiografija.hr\/index.php?rest_route=%2Fwp%2Fv2%2Fcategories&post=44060"},{"taxonomy":"post_tag","embeddable":true,"href":"https:\/\/historiografija.hr\/index.php?rest_route=%2Fwp%2Fv2%2Ftags&post=44060"}],"curies":[{"name":"wp","href":"https:\/\/api.w.org\/{rel}","templated":true}]}}