{"id":44031,"date":"2024-12-24T15:27:42","date_gmt":"2024-12-24T15:27:42","guid":{"rendered":"https:\/\/historiografija.hr\/?p=44031"},"modified":"2024-12-24T15:27:42","modified_gmt":"2024-12-24T15:27:42","slug":"aron-gurevic-%d0%b0%d1%80%d0%be%d0%bd-%d1%8f%d0%ba%d0%be%d0%b2%d0%bb%d0%b5%d0%b2%d0%b8%d1%87-%d0%b3%d1%83%d1%80%d0%b5%d0%b2%d0%b8%d1%87-srednjovekovni-svet-kultura-neme-vecine","status":"publish","type":"post","link":"https:\/\/historiografija.hr\/?p=44031","title":{"rendered":"Aron Gurevi\u010d (\u0410\u0440\u043e\u043d \u042f\u043a\u043e\u0432\u043b\u0435\u0432\u0438\u0447 \u0413\u0443\u0440\u0435\u0432\u0438\u0447), \u201eSREDNJOVEKOVNI SVET. Kultura neme ve\u0107ine\u201c"},"content":{"rendered":"\n<p>Povest \u010dove\u010danstva nije samo istorija poduhvata velikih i zna\u010dajnih pojedinaca koji su neposredno u\u010destvovali u presudnim zbivanjima i u granicama svojih mogu\u0107nosti usmeravali istorijske tokove. Nasuprot njima, ili, mo\u017eda je ispravnije re\u0107i, uz njih, nalazila se grupacija ljudi koju obuhvataju jezgrovite i pronicljive sintagme \u201eveliki nemi\u201c, \u201eveliki odsutni\u201c, \u201eljudi bez arhiva i bez lica\u201c, \u201enema ve\u0107ina\u201c, \u201enebrojeno mno\u0161tvo\u201c. Upravo je na njih usmerena istra\u017eiva\u010dka pa\u017enja Arona Gurevi\u010da, jednog od najve\u0107ih medievista XX veka, koji je pregao da prou\u010di odnos narodne (\u201efolklorne\u201c) i zvani\u010dne (\u201eu\u010dene\u201c) tradicije u srednjovekovnoj kulturi. Problem je \u0161to \u201eveliki nemi\u201c nisu ostavili gotovo nikakav trag iza sebe i \u0161to je istra\u017eiva\u010d upu\u0107en isklju\u010divo na pisanu zaostav\u0161tinu predstavnika vi\u0161ih slojeva \u010dija objektivnost, naravno, ostaje nesigurna. Posle pa\u017eljivog i\u0161\u010ditavanja sa\u010duvanih izvora, kre\u0107u\u0107i se vrludavim stranputicama, Gurevi\u010d iskazuje izvanrednu istra\u017eiva\u010dku pronicljivost u kojoj se gvozdena logika kriti\u010dkog istori\u010dara stopila sa promi\u0161ljenom ma\u0161tovito\u0161\u0107u da se razotkrije istorijska istina. Ishod takvog nau\u010dnog pregnu\u0107a je uverljiva i \u017eivopisna slika obi\u010dnih srednjovekovnih ljudi i njihovog poimanja takvih kategorija kao \u0161to su sloboda, vreme, mit, istorija, greh, iskupljenje, porodica, ovostrani i onostrani svet.<\/p>\n\n\n\n<p><em>Prof. dr Radivoj Radi\u0107<\/em><\/p>\n\n\n\n<hr class=\"wp-block-separator has-alpha-channel-opacity\"\/>\n\n\n\n<p>Aron Gurevi\u010d (1924\u20132006), istaknuti i svetski priznati medievist, autor je vi\u0161e zna\u010dajnih knjiga: <em>Pohodi Vikinga, Istorija i saga, Problemi geneze feudalizma u Zapadnoj Evropi, Problemi narodne kulture u srednjem veku, Kategorije srednjovekovne kulture<\/em> i <em>Srednjovekovni svet. Kultura neme ve\u0107ine<\/em>. Gurevi\u010dev ozbiljan nau\u010dni rad posve\u0107en istra\u017eivanju svih oblika \u017eivota srednjovekovnog \u010doveka na tlu Zapadne i Severne Evrope u\u010dinio je da njegova dela budu prevedena na mnoge svetske jezike (francuski, engleski, nema\u010dki, \u0161vedski, norve\u0161ki, italijanski, poljski, ma\u0111arski, \u010de\u0161ki, bugarski\u2026).<\/p>\n\n\n\n<hr class=\"wp-block-separator has-alpha-channel-opacity\"\/>\n\n\n\n<p>Godina izdanja: 2024<\/p>\n\n\n\n<p>Pismo: latinica<\/p>\n\n\n\n<p>Broj stranica: 424 str.<\/p>\n\n\n\n<p>Prevela s ruskog: Natalija D\u017eaki\u0107<\/p>\n\n\n\n<hr class=\"wp-block-separator has-alpha-channel-opacity\"\/>\n\n\n\n<p>Pro\u010ditaj odlomak:<\/p>\n\n\n\n<p><a href=\"https:\/\/akademskaknjiga.com\/katalog\/srednjovekovni-svet-kultura-neme-vecine\">https:\/\/akademskaknjiga.com\/katalog\/srednjovekovni-svet-kultura-neme-vecine<\/a><\/p>\n\n\n\n<hr class=\"wp-block-separator has-alpha-channel-opacity\"\/>\n","protected":false},"excerpt":{"rendered":"","protected":false},"author":2,"featured_media":44032,"comment_status":"open","ping_status":"open","sticky":false,"template":"","format":"standard","meta":{"_acf_changed":false,"jetpack_post_was_ever_published":false,"_jetpack_newsletter_access":"","_jetpack_dont_email_post_to_subs":false,"_jetpack_newsletter_tier_id":0,"_jetpack_memberships_contains_paywalled_content":false,"_jetpack_memberships_contains_paid_content":false,"footnotes":"","jetpack_publicize_message":"","jetpack_publicize_feature_enabled":true,"jetpack_social_post_already_shared":true,"jetpack_social_options":{"image_generator_settings":{"template":"highway","default_image_id":0,"font":"","enabled":false},"version":2}},"categories":[8,3],"tags":[],"class_list":["post-44031","post","type-post","status-publish","format-standard","has-post-thumbnail","hentry","category-knjige","category-novosti"],"acf":{"facebook_opis":""},"jetpack_publicize_connections":[],"jetpack_featured_media_url":"https:\/\/i0.wp.com\/historiografija.hr\/wp-content\/uploads\/2024\/12\/Srednjovekovni-svet.png?fit=600%2C900&ssl=1","jetpack_sharing_enabled":true,"jetpack-related-posts":[],"_links":{"self":[{"href":"https:\/\/historiografija.hr\/index.php?rest_route=\/wp\/v2\/posts\/44031","targetHints":{"allow":["GET"]}}],"collection":[{"href":"https:\/\/historiografija.hr\/index.php?rest_route=\/wp\/v2\/posts"}],"about":[{"href":"https:\/\/historiografija.hr\/index.php?rest_route=\/wp\/v2\/types\/post"}],"author":[{"embeddable":true,"href":"https:\/\/historiografija.hr\/index.php?rest_route=\/wp\/v2\/users\/2"}],"replies":[{"embeddable":true,"href":"https:\/\/historiografija.hr\/index.php?rest_route=%2Fwp%2Fv2%2Fcomments&post=44031"}],"version-history":[{"count":1,"href":"https:\/\/historiografija.hr\/index.php?rest_route=\/wp\/v2\/posts\/44031\/revisions"}],"predecessor-version":[{"id":44033,"href":"https:\/\/historiografija.hr\/index.php?rest_route=\/wp\/v2\/posts\/44031\/revisions\/44033"}],"wp:featuredmedia":[{"embeddable":true,"href":"https:\/\/historiografija.hr\/index.php?rest_route=\/wp\/v2\/media\/44032"}],"wp:attachment":[{"href":"https:\/\/historiografija.hr\/index.php?rest_route=%2Fwp%2Fv2%2Fmedia&parent=44031"}],"wp:term":[{"taxonomy":"category","embeddable":true,"href":"https:\/\/historiografija.hr\/index.php?rest_route=%2Fwp%2Fv2%2Fcategories&post=44031"},{"taxonomy":"post_tag","embeddable":true,"href":"https:\/\/historiografija.hr\/index.php?rest_route=%2Fwp%2Fv2%2Ftags&post=44031"}],"curies":[{"name":"wp","href":"https:\/\/api.w.org\/{rel}","templated":true}]}}