{"id":44024,"date":"2024-12-24T15:13:34","date_gmt":"2024-12-24T15:13:34","guid":{"rendered":"https:\/\/historiografija.hr\/?p=44024"},"modified":"2024-12-24T15:17:01","modified_gmt":"2024-12-24T15:17:01","slug":"zivot-moja-povijest-u-povijesti","status":"publish","type":"post","link":"https:\/\/historiografija.hr\/?p=44024","title":{"rendered":"\u017divot. Moja povijest u Povijesti"},"content":{"rendered":"\n<p>Listaju\u0107i stranice dragocjene knjige \u017eivota, papa Franjo vodi nas stazom emocija, radosti i \u017ealosti: prozor je to u pro\u0161lost koji \u0107e nam omogu\u0107iti bolje poznavanje svoje sada\u0161njosti.<\/p>\n\n\n\n<p>\u00bbNe treba zaboraviti najva\u017eniju lekciju: ponovno i\u0161\u010ditavati pri\u010du svojega \u017eivota va\u017eno je kako bismo se prisjetili i ne\u0161to prenijeli onomu tko nas slu\u0161a. Kako bismo nau\u010dili \u017eivjeti, me\u0111utim, svi moramo nau\u010diti ljubiti\u00ab (papa Franjo).<\/p>\n\n\n\n<p>Pripovijedaju\u0107i ovdje prvi put pri\u010du o svojem \u017eivotu, osvr\u0107u\u0107i se na doga\u0111aje koji su obilje\u017eili \u010dovje\u010danstvo u posljednjih osamdeset godina, papa Franjo otkriva porijeklo onih ideja koje mnogi smatraju odva\u017enima i koje isti\u010du njegov pontifikat: od hrabrih izjava protiv siroma\u0161tva i uni\u0161tavanja okoli\u0161a do poticaja upu\u0107enih svjetskim vo\u0111ama kako bi zacrtali druk\u010diji smjer u pitanjima kao \u0161to su dijalog me\u0111u narodima, utrka u naoru\u017eanju, borba protiv nejednakosti.<\/p>\n\n\n\n<p>Od izbijanja Drugoga svjetskog rata 1939. godine \u2013 kada je budu\u0107i papa imao gotovo tri godine \u2013 do na\u0161ih dana, Jorge Mario Bergoglio vodi \u010ditateljice i \u010ditatelje za ruku prate\u0107i ih svojim sje\u0107anjima na nesvakida\u0161njem putovanju kroz desetlje\u0107a. Papin glas, s njegovim vrlo osobnim sje\u0107anjima, izmjenjuje se s glasom pripovjeda\u010da koji u svakom poglavlju rekonstruira povijesni scenarij u kojem se ona odvijaju.<\/p>\n\n\n\n<p>Papinim rije\u010dima: \u00bb\u017dIVOT izlazi na svjetlo dana ponajprije kako bi osobito oni mla\u0111i mogli poslu\u0161ati glas jednoga starijeg \u010dovjeka i razmisliti o onome \u0161to je na\u0161 planet do\u017eivio, kako ne bi ponovili pogre\u0161ke iz pro\u0161losti. Sjetimo se, primjerice, ratova koji su harali i nastavljaju harati svijetom, sjetimo se genocida, progona, mr\u017enje me\u0111u bra\u0107om i sestrama razli\u010ditih vjera! Koliko patnje! Kad stignemo do odre\u0111ene dobi, va\u017eno je, i zbog nas samih, ponovno otvoriti knjigu sje\u0107anja i pamtiti, kako bismo u\u010dili gledaju\u0107i u pro\u0161lost, kako bismo prona\u0161li ono lo\u0161e, ono otrovno \u0161to smo pro\u017eivjeli, zajedno s po\u010dinjenim grijesima, ali i o\u017eivjeli sve ono dobro \u0161to nam je Bog poslao. To je vje\u017eba razlu\u010divanja koju bismo svi trebali u\u010diniti, prije nego \u0161to bude prekasno!\u00ab<\/p>\n\n\n\n<hr class=\"wp-block-separator has-alpha-channel-opacity\"\/>\n\n\n\n<p>Nakladnik: Kr\u0161\u0107anska sada\u0161njost<\/p>\n\n\n\n<p>Izdanje: I. izdanje, Zagreb<\/p>\n\n\n\n<p>Godina izdanja: 2024.<\/p>\n\n\n\n<p>Format: 14,6 x 20,6 cm; 256 str.<\/p>\n\n\n\n<hr class=\"wp-block-separator has-alpha-channel-opacity\"\/>\n\n\n\n<p>Prelistaj knjigu:<\/p>\n\n\n\n<p><a href=\"https:\/\/www.ks.hr\/naslovnica\/9160550-zivot.html\">https:\/\/www.ks.hr\/naslovnica\/9160550-zivot.html<\/a><\/p>\n\n\n\n<hr class=\"wp-block-separator has-alpha-channel-opacity\"\/>\n","protected":false},"excerpt":{"rendered":"","protected":false},"author":2,"featured_media":44025,"comment_status":"open","ping_status":"open","sticky":false,"template":"","format":"standard","meta":{"_acf_changed":false,"jetpack_post_was_ever_published":false,"_jetpack_newsletter_access":"","_jetpack_dont_email_post_to_subs":false,"_jetpack_newsletter_tier_id":0,"_jetpack_memberships_contains_paywalled_content":false,"_jetpack_memberships_contains_paid_content":false,"footnotes":"","jetpack_publicize_message":"","jetpack_publicize_feature_enabled":true,"jetpack_social_post_already_shared":true,"jetpack_social_options":{"image_generator_settings":{"template":"highway","default_image_id":0,"font":"","enabled":false},"version":2}},"categories":[8,3],"tags":[],"class_list":["post-44024","post","type-post","status-publish","format-standard","has-post-thumbnail","hentry","category-knjige","category-novosti"],"acf":{"facebook_opis":""},"jetpack_publicize_connections":[],"jetpack_featured_media_url":"https:\/\/i0.wp.com\/historiografija.hr\/wp-content\/uploads\/2024\/12\/Zivot.jpg?fit=540%2C540&ssl=1","jetpack_sharing_enabled":true,"jetpack-related-posts":[],"_links":{"self":[{"href":"https:\/\/historiografija.hr\/index.php?rest_route=\/wp\/v2\/posts\/44024","targetHints":{"allow":["GET"]}}],"collection":[{"href":"https:\/\/historiografija.hr\/index.php?rest_route=\/wp\/v2\/posts"}],"about":[{"href":"https:\/\/historiografija.hr\/index.php?rest_route=\/wp\/v2\/types\/post"}],"author":[{"embeddable":true,"href":"https:\/\/historiografija.hr\/index.php?rest_route=\/wp\/v2\/users\/2"}],"replies":[{"embeddable":true,"href":"https:\/\/historiografija.hr\/index.php?rest_route=%2Fwp%2Fv2%2Fcomments&post=44024"}],"version-history":[{"count":2,"href":"https:\/\/historiografija.hr\/index.php?rest_route=\/wp\/v2\/posts\/44024\/revisions"}],"predecessor-version":[{"id":44027,"href":"https:\/\/historiografija.hr\/index.php?rest_route=\/wp\/v2\/posts\/44024\/revisions\/44027"}],"wp:featuredmedia":[{"embeddable":true,"href":"https:\/\/historiografija.hr\/index.php?rest_route=\/wp\/v2\/media\/44025"}],"wp:attachment":[{"href":"https:\/\/historiografija.hr\/index.php?rest_route=%2Fwp%2Fv2%2Fmedia&parent=44024"}],"wp:term":[{"taxonomy":"category","embeddable":true,"href":"https:\/\/historiografija.hr\/index.php?rest_route=%2Fwp%2Fv2%2Fcategories&post=44024"},{"taxonomy":"post_tag","embeddable":true,"href":"https:\/\/historiografija.hr\/index.php?rest_route=%2Fwp%2Fv2%2Ftags&post=44024"}],"curies":[{"name":"wp","href":"https:\/\/api.w.org\/{rel}","templated":true}]}}