{"id":44017,"date":"2024-12-23T18:32:07","date_gmt":"2024-12-23T18:32:07","guid":{"rendered":"https:\/\/historiografija.hr\/?p=44017"},"modified":"2024-12-23T18:32:07","modified_gmt":"2024-12-23T18:32:07","slug":"zbornik-praksa-aktivistickoga-pjevanja","status":"publish","type":"post","link":"https:\/\/historiografija.hr\/?p=44017","title":{"rendered":"ZBORnik PRAKSA aktivisti\u010dkoga pjevanja"},"content":{"rendered":"\n<p>U biblioteci Centra za kulturolo\u0161ka i povijesna istra\u017eivanja socijalizma kao svezak 24. objavljen je <em>ZBORnik PRAKSA aktivisti\u010dkoga pjevanja. U povodu 10. obljetnice rada Zbora Praksa<\/em>, koji su uredile Ana Hofman i Lada Durakovi\u0107. Suizdava\u010di su Znanstvenoistra\u017eiva\u010dki centar Slovenske akademije znanosti i umjetnosti (ZRC SAZU) i Sveu\u010dili\u0161te Jurja Dobrile u Puli. Knjigu je mogu\u0107e preuzeti na mre\u017enoj stranici <a href=\"https:\/\/www.unipu.hr\/ckpis\/cekapisarnica\">Biblioteke CeKaPISarnica<\/a>.<\/p>\n\n\n\n<p><em>ZBORnik PRAKSA<\/em>, posve\u0107en aktivisti\u010dkom pjevanju na postjugoslavenskom prostoru, predstavlja svojevrsno pro\u017eimanje teorije i prakse. Namjera nam je ovom knjigom pru\u017eiti dublji uvid u pjeva\u010dki anga\u017eman, koji kroz zajedni\u010dki cilj i emocije stvara prostor za kolektivno djelovanje. Zato se u njoj, uz znanstvene radove, nalazi i pjesmarica koja sadr\u017ei \u0161ezdesetak tekstova pjesama s repertoara Zbora Praksa koji ove godine slavi deset godina rada. U \u017eelji da omogu\u0107imo i drugima da se svojim glasovima pridru\u017ee Praksicama u nepristajanju na sada\u0161njost i borbi za bolju budu\u0107nost, pjesmarica sadr\u017ei i popratne QR linkove na njihove izvedbe.<\/p>\n\n\n\n<hr class=\"wp-block-separator has-alpha-channel-opacity\"\/>\n\n\n\n<p>Izvor:<\/p>\n\n\n\n<p><a href=\"https:\/\/ckpis.unipu.hr\/ckpis\/obavijesti?@=2fkdk#news_107528\">https:\/\/ckpis.unipu.hr\/ckpis\/obavijesti?@=2fkdk#news_107528<\/a><\/p>\n\n\n\n<hr class=\"wp-block-separator has-alpha-channel-opacity\"\/>\n","protected":false},"excerpt":{"rendered":"","protected":false},"author":2,"featured_media":44018,"comment_status":"open","ping_status":"open","sticky":false,"template":"","format":"standard","meta":{"_acf_changed":false,"jetpack_post_was_ever_published":false,"_jetpack_newsletter_access":"","_jetpack_dont_email_post_to_subs":false,"_jetpack_newsletter_tier_id":0,"_jetpack_memberships_contains_paywalled_content":false,"_jetpack_memberships_contains_paid_content":false,"footnotes":"","jetpack_publicize_message":"","jetpack_publicize_feature_enabled":true,"jetpack_social_post_already_shared":true,"jetpack_social_options":{"image_generator_settings":{"template":"highway","default_image_id":0,"font":"","enabled":false},"version":2}},"categories":[19,8,3],"tags":[],"class_list":["post-44017","post","type-post","status-publish","format-standard","has-post-thumbnail","hentry","category-e-knjige","category-knjige","category-novosti"],"acf":{"facebook_opis":""},"jetpack_publicize_connections":[],"jetpack_featured_media_url":"https:\/\/i0.wp.com\/historiografija.hr\/wp-content\/uploads\/2024\/12\/Zbornik_Praksa.png?fit=800%2C450&ssl=1","jetpack_sharing_enabled":true,"jetpack-related-posts":[],"_links":{"self":[{"href":"https:\/\/historiografija.hr\/index.php?rest_route=\/wp\/v2\/posts\/44017","targetHints":{"allow":["GET"]}}],"collection":[{"href":"https:\/\/historiografija.hr\/index.php?rest_route=\/wp\/v2\/posts"}],"about":[{"href":"https:\/\/historiografija.hr\/index.php?rest_route=\/wp\/v2\/types\/post"}],"author":[{"embeddable":true,"href":"https:\/\/historiografija.hr\/index.php?rest_route=\/wp\/v2\/users\/2"}],"replies":[{"embeddable":true,"href":"https:\/\/historiografija.hr\/index.php?rest_route=%2Fwp%2Fv2%2Fcomments&post=44017"}],"version-history":[{"count":1,"href":"https:\/\/historiografija.hr\/index.php?rest_route=\/wp\/v2\/posts\/44017\/revisions"}],"predecessor-version":[{"id":44019,"href":"https:\/\/historiografija.hr\/index.php?rest_route=\/wp\/v2\/posts\/44017\/revisions\/44019"}],"wp:featuredmedia":[{"embeddable":true,"href":"https:\/\/historiografija.hr\/index.php?rest_route=\/wp\/v2\/media\/44018"}],"wp:attachment":[{"href":"https:\/\/historiografija.hr\/index.php?rest_route=%2Fwp%2Fv2%2Fmedia&parent=44017"}],"wp:term":[{"taxonomy":"category","embeddable":true,"href":"https:\/\/historiografija.hr\/index.php?rest_route=%2Fwp%2Fv2%2Fcategories&post=44017"},{"taxonomy":"post_tag","embeddable":true,"href":"https:\/\/historiografija.hr\/index.php?rest_route=%2Fwp%2Fv2%2Ftags&post=44017"}],"curies":[{"name":"wp","href":"https:\/\/api.w.org\/{rel}","templated":true}]}}