{"id":44014,"date":"2024-12-23T18:26:55","date_gmt":"2024-12-23T18:26:55","guid":{"rendered":"https:\/\/historiografija.hr\/?p=44014"},"modified":"2024-12-23T18:26:55","modified_gmt":"2024-12-23T18:26:55","slug":"7-socijalizam-na-klupi-poziv-na-sudjelovanje","status":"publish","type":"post","link":"https:\/\/historiografija.hr\/?p=44014","title":{"rendered":"7. Socijalizam na klupi: Poziv na sudjelovanje"},"content":{"rendered":"\n<p><strong>Sedmi me\u0111unarodni znanstveni skup Socijalizam na klupi<\/strong><br><strong>GLOBALNI SOCIJALIZAM I NESVRSTANOST<\/strong><br>Pula, 18\u201320. rujna 2025.<\/p>\n\n\n\n<p>Posljednje su godine obilje\u017eili ratni sukobi u isto\u010dnoj Europi i na Bliskom istoku, pandemijski izazovi, mijene u odnosima svjetskih sila i kontinenata, kao i porast migracija, dru\u0161tvenih napetosti i ekolo\u0161kih ugroza. Usmjeravanjem prema globalnom socijalizmu, ovim se skupom \u017eeli istra\u017eiti doseg socijalisti\u010dkih ideja i njihov utjecaj tijekom proteklog stolje\u0107a i pol pa sve do suvremenosti, s naglaskom na razdoblje izme\u0111u ranih 1950-ih i kasnih 1980-ih kada se socijalizam preklapao s hladnoratovskom dinamikom, dekolonizacijom i usponom Pokreta nesvrstanih. Socijalisti\u010dke ideje i revolucionarni pokreti utjecali su tada na dru\u0161tva u Africi, Aziji, Latinskoj Americi i isto\u010dnoj Europi. Napredak, suradnja, internacionalizam i mir \u010desto su supostojali sa sukobima i suparni\u0161tvima u sferi politike, ekonomije, kulture i drugim podru\u010djima. Postavljaju\u0107i u \u017eari\u0161te diskurs i praksu socijalizma i nesvrstanosti, njihovu povijest i naslije\u0111e, skupom se \u017eeli obuhvatiti politike, ideologije, manifestacije i akcije na me\u0111unarodnoj, nacionalnoj i lokalnoj razini, unutar i izvan blokova, u Europi i na Globalnom jugu, od onih me\u0111unarodno relevantnih do pojedina\u010dnih odnosa unutar dru\u0161tava.<\/p>\n\n\n\n<p><a href=\"https:\/\/www.unipu.hr\/images\/50040360\/7SnK%202025%20POZIV.pdf\">POZIV NA SUDJELOVANJE<\/a> (pdf, 20. prosinca 2024.)<br><a href=\"https:\/\/forms.gle\/ExjCyEzBAP4AH8d19\" target=\"_blank\" rel=\"noreferrer noopener\">Prijavni obrazac<\/a> (Google obrasci, rok 1. travnja 2025.)<\/p>\n\n\n\n<p>Sudionici dr\u017ee izlaganja u trajanju od 15 minuta. Prihva\u0107amo individualne prijave, ali mogu\u0107e je nazna\u010diti \u017eelju za okupljanjem u odre\u0111eni panel. Mogu\u0107e je predlo\u017eiti i odr\u017eavanje predstavljanja knjiga i okruglih stolova. Jezici skupa su hrvatski (i me\u0111usobno razumljivi jezici) i engleski. Obrazac ispuniti jednim od odabranih jezika.<\/p>\n\n\n\n<p>PROGRAM (pdf, 30. lipnja 2025.)<br>KNJIGA SA\u017dETAKA (pdf, 10. rujna 2025.)<\/p>\n\n\n\n<p><strong>Pozvani predava\u010di<\/strong><br>Chiara Bonfiglioli (Sveu\u010dili\u0161te Ca&#8217; Foscari u Veneciji)<br>Tvrtko Jakovina (Filozofski fakultet Sveu\u010dili\u0161ta u Zagrebu)<br>Paul Stubbs (Ekonomski institut, Zagreb)<\/p>\n\n\n\n<p><strong>Mjesto odr\u017eavanja<\/strong><br>Filozofski fakultet, <a href=\"https:\/\/maps.app.goo.gl\/LdiqAXAhJbCtrdK96\" target=\"_blank\" rel=\"noreferrer noopener\">Negrijeva 6<\/a>, Pula<\/p>\n\n\n\n<p><strong>Programski odbor<\/strong><br>Ulf Brunnbauer (Regensburg), Anita Buhin (Lisabon), Igor Duda (Pula), Lada Durakovi\u0107 (Pula), Boris Koroman (Pula), Andrea Mato\u0161evi\u0107 (Pula), Tanja Petrovi\u0107 (Ljubljana)<\/p>\n\n\n\n<p><strong>Organizacijski odbor<\/strong><br>Anita Buhin (Lisabon), Igor Duda (Pula), Lada Durakovi\u0107 (Pula), Tina Filipovi\u0107 (Firenca), Boris Koroman (Pula), Andrea Mato\u0161evi\u0107 (Pula), Sara \u017deri\u0107 \u0110ulovi\u0107 (Regensburg)<\/p>\n\n\n\n<p><strong>Organizator<\/strong><br>Centar za kulturolo\u0161ka i povijesna istra\u017eivanja socijalizma, Sveu\u010dili\u0161te Jurja Dobrile u Puli<\/p>\n\n\n\n<p><strong>Kontakt<\/strong><br>ckpis.conf@gmail.com<\/p>\n\n\n\n<p><strong>Zahvaljujemo na potpori<\/strong><br>Rosa Luxemburg Stiftung Southeast Europe<br>&nbsp;&nbsp;<\/p>\n\n\n\n<p><a href=\"https:\/\/www.unipu.hr\/ckpis\/en\/socialism_on_the_bench\/2025\">English version<\/a><\/p>\n\n\n\n<p>Stranice prethodnih skupova dostupne su putem izbornika.<br><a href=\"https:\/\/www.unipu.hr\/ckpis\/socijalizam_na_klupi\/2023\">6. Socijalizam na klupi (2023.)<\/a><\/p>\n\n\n\n<hr class=\"wp-block-separator has-alpha-channel-opacity\"\/>\n\n\n\n<p>Izvor:<\/p>\n\n\n\n<p><a href=\"https:\/\/www.unipu.hr\/ckpis\/socijalizam_na_klupi\/2025\">https:\/\/www.unipu.hr\/ckpis\/socijalizam_na_klupi\/2025<\/a><\/p>\n\n\n\n<hr class=\"wp-block-separator has-alpha-channel-opacity\"\/>\n","protected":false},"excerpt":{"rendered":"","protected":false},"author":2,"featured_media":44015,"comment_status":"open","ping_status":"open","sticky":false,"template":"","format":"standard","meta":{"_acf_changed":false,"jetpack_post_was_ever_published":false,"_jetpack_newsletter_access":"","_jetpack_dont_email_post_to_subs":false,"_jetpack_newsletter_tier_id":0,"_jetpack_memberships_contains_paywalled_content":false,"_jetpack_memberships_contains_paid_content":false,"footnotes":"","jetpack_publicize_message":"","jetpack_publicize_feature_enabled":true,"jetpack_social_post_already_shared":true,"jetpack_social_options":{"image_generator_settings":{"template":"highway","default_image_id":0,"font":"","enabled":false},"version":2}},"categories":[3,9],"tags":[],"class_list":["post-44014","post","type-post","status-publish","format-standard","has-post-thumbnail","hentry","category-novosti","category-skupovi"],"acf":{"facebook_opis":""},"jetpack_publicize_connections":[],"jetpack_featured_media_url":"https:\/\/i0.wp.com\/historiografija.hr\/wp-content\/uploads\/2024\/12\/SOCIJALIZAM_NA_KLUPI_Poziv-scaled.jpg?fit=2560%2C1340&ssl=1","jetpack_sharing_enabled":true,"jetpack-related-posts":[],"_links":{"self":[{"href":"https:\/\/historiografija.hr\/index.php?rest_route=\/wp\/v2\/posts\/44014","targetHints":{"allow":["GET"]}}],"collection":[{"href":"https:\/\/historiografija.hr\/index.php?rest_route=\/wp\/v2\/posts"}],"about":[{"href":"https:\/\/historiografija.hr\/index.php?rest_route=\/wp\/v2\/types\/post"}],"author":[{"embeddable":true,"href":"https:\/\/historiografija.hr\/index.php?rest_route=\/wp\/v2\/users\/2"}],"replies":[{"embeddable":true,"href":"https:\/\/historiografija.hr\/index.php?rest_route=%2Fwp%2Fv2%2Fcomments&post=44014"}],"version-history":[{"count":1,"href":"https:\/\/historiografija.hr\/index.php?rest_route=\/wp\/v2\/posts\/44014\/revisions"}],"predecessor-version":[{"id":44016,"href":"https:\/\/historiografija.hr\/index.php?rest_route=\/wp\/v2\/posts\/44014\/revisions\/44016"}],"wp:featuredmedia":[{"embeddable":true,"href":"https:\/\/historiografija.hr\/index.php?rest_route=\/wp\/v2\/media\/44015"}],"wp:attachment":[{"href":"https:\/\/historiografija.hr\/index.php?rest_route=%2Fwp%2Fv2%2Fmedia&parent=44014"}],"wp:term":[{"taxonomy":"category","embeddable":true,"href":"https:\/\/historiografija.hr\/index.php?rest_route=%2Fwp%2Fv2%2Fcategories&post=44014"},{"taxonomy":"post_tag","embeddable":true,"href":"https:\/\/historiografija.hr\/index.php?rest_route=%2Fwp%2Fv2%2Ftags&post=44014"}],"curies":[{"name":"wp","href":"https:\/\/api.w.org\/{rel}","templated":true}]}}