{"id":44006,"date":"2024-12-19T22:40:13","date_gmt":"2024-12-19T22:40:13","guid":{"rendered":"https:\/\/historiografija.hr\/?p=44006"},"modified":"2024-12-19T22:40:13","modified_gmt":"2024-12-19T22:40:13","slug":"promocija-knjige-esada-durakovica-palestina-na-savjesti-covjecanstva-u-sarajevu","status":"publish","type":"post","link":"https:\/\/historiografija.hr\/?p=44006","title":{"rendered":"Promocija knjige Esada Durakovi\u0107a \u201ePalestina. Na savjesti \u010dovje\u010danstva\u201c u Sarajevu"},"content":{"rendered":"\n<p>Izdava\u010dko-\u0161tamparska ku\u0107a \u201ePlanjax comerc\u201c i \u201eKultB\u201c organiziraju promociju knjige Esada Durakovi\u0107a Palestina. Na savjesti \u010dovje\u010danstva.<\/p>\n\n\n\n<p>O knjizi \u0107e govori:<\/p>\n\n\n\n<p>Ahmed Kico,<\/p>\n\n\n\n<p>Sejo Omeragi\u0107<\/p>\n\n\n\n<p>Bajruzin Hajro Planjac i<\/p>\n\n\n\n<p>akademik Esad Durakovi\u0107, autor.<\/p>\n\n\n\n<p>Predstavljanje \u0107e biti u ponedjeljak, 23. decembra 2024. u 13.00 sati, u sali Akademije nauka i umjetnosti Bosne i Hercegovine (Bistrik 7, Sarajevo)<\/p>\n\n\n\n<hr class=\"wp-block-separator has-alpha-channel-opacity\"\/>\n\n\n\n<p>Izvor:<\/p>\n\n\n\n<p><a href=\"https:\/\/historiografija.ba\/historija-u-javnosti\/dogadjaji\/palestina-na-savjesti-covjecanstva\">https:\/\/historiografija.ba\/historija-u-javnosti\/dogadjaji\/palestina-na-savjesti-covjecanstva<\/a><\/p>\n\n\n\n<hr class=\"wp-block-separator has-alpha-channel-opacity\"\/>\n","protected":false},"excerpt":{"rendered":"","protected":false},"author":2,"featured_media":44007,"comment_status":"open","ping_status":"open","sticky":false,"template":"","format":"standard","meta":{"_acf_changed":false,"jetpack_post_was_ever_published":false,"_jetpack_newsletter_access":"","_jetpack_dont_email_post_to_subs":false,"_jetpack_newsletter_tier_id":0,"_jetpack_memberships_contains_paywalled_content":false,"_jetpack_memberships_contains_paid_content":false,"footnotes":"","jetpack_publicize_message":"","jetpack_publicize_feature_enabled":true,"jetpack_social_post_already_shared":true,"jetpack_social_options":{"image_generator_settings":{"template":"highway","default_image_id":0,"font":"","enabled":false},"version":2}},"categories":[3],"tags":[],"class_list":["post-44006","post","type-post","status-publish","format-standard","has-post-thumbnail","hentry","category-novosti"],"acf":{"facebook_opis":""},"jetpack_publicize_connections":[],"jetpack_featured_media_url":"https:\/\/i0.wp.com\/historiografija.hr\/wp-content\/uploads\/2024\/12\/durakovic-palestina-promocija.jpg?fit=450%2C634&ssl=1","jetpack_sharing_enabled":true,"jetpack-related-posts":[],"_links":{"self":[{"href":"https:\/\/historiografija.hr\/index.php?rest_route=\/wp\/v2\/posts\/44006","targetHints":{"allow":["GET"]}}],"collection":[{"href":"https:\/\/historiografija.hr\/index.php?rest_route=\/wp\/v2\/posts"}],"about":[{"href":"https:\/\/historiografija.hr\/index.php?rest_route=\/wp\/v2\/types\/post"}],"author":[{"embeddable":true,"href":"https:\/\/historiografija.hr\/index.php?rest_route=\/wp\/v2\/users\/2"}],"replies":[{"embeddable":true,"href":"https:\/\/historiografija.hr\/index.php?rest_route=%2Fwp%2Fv2%2Fcomments&post=44006"}],"version-history":[{"count":1,"href":"https:\/\/historiografija.hr\/index.php?rest_route=\/wp\/v2\/posts\/44006\/revisions"}],"predecessor-version":[{"id":44008,"href":"https:\/\/historiografija.hr\/index.php?rest_route=\/wp\/v2\/posts\/44006\/revisions\/44008"}],"wp:featuredmedia":[{"embeddable":true,"href":"https:\/\/historiografija.hr\/index.php?rest_route=\/wp\/v2\/media\/44007"}],"wp:attachment":[{"href":"https:\/\/historiografija.hr\/index.php?rest_route=%2Fwp%2Fv2%2Fmedia&parent=44006"}],"wp:term":[{"taxonomy":"category","embeddable":true,"href":"https:\/\/historiografija.hr\/index.php?rest_route=%2Fwp%2Fv2%2Fcategories&post=44006"},{"taxonomy":"post_tag","embeddable":true,"href":"https:\/\/historiografija.hr\/index.php?rest_route=%2Fwp%2Fv2%2Ftags&post=44006"}],"curies":[{"name":"wp","href":"https:\/\/api.w.org\/{rel}","templated":true}]}}