{"id":44003,"date":"2024-12-19T22:34:34","date_gmt":"2024-12-19T22:34:34","guid":{"rendered":"https:\/\/historiografija.hr\/?p=44003"},"modified":"2024-12-19T22:34:34","modified_gmt":"2024-12-19T22:34:34","slug":"dr-sc-danijel-vojak-na-plenumu-medunarodnog-saveza-za-sjecanje-na-holokaust-london-1-7-12-2024","status":"publish","type":"post","link":"https:\/\/historiografija.hr\/?p=44003","title":{"rendered":"Dr. sc. Danijel Vojak na plenumu Me\u0111unarodnog saveza za sje\u0107anje na Holokaust; London, 1.-7. 12. 2024."},"content":{"rendered":"\n<p><strong>Dr. sc. Danijel Vojak sudjelovao kao \u010dlan delegacije Republike Hrvatske na plenumu Me\u0111unarodnog saveza za sje\u0107anje na Holokaust koji se odr\u017eavao u Londonu od 1. do 7. prosinca 2024.<\/strong><\/p>\n\n\n\n<p><strong>U sklopu rada<\/strong> u Odboru za genocid nad Romima (Committee on the Genocide of the Roma) dr. sc. Vojak odr\u017eao je izlaganje naslovljeno \u201ePlaces of mass suffering of the Roma population in Croatia\u201c u kojem je prikazao rad na projektu Zaboravljena mjesta stradanja nepo\u0107udnih: Genocid nad Romima u Nezavisnoj Dr\u017eavi Hrvatskoj: istra\u017eivanje, memorijalizacija, edukacija, koji vodi u Institutu Pilar. U istom je Odboru sudjelovao u panelu \u201eDistortions on the Roma Genocide\u201c, u kojem je s Karolom Fings i Stephanom Leidrichom raspravljao o utjecaju distorzije na temu genocida nad Romima.<\/p>\n\n\n\n<p><strong>Za vrijeme<\/strong> odr\u017eavanja plenuma IHRA-e prihva\u0107ena je i promovirana publikacija Recommendations for Teaching and Learning about the Persecution and Genocide of Roma during the Nazi Era, kojoj je dr. sc. Vojak jedan od autora. Publikacija je dostupna na mre\u017enoj stranici IHRA-e: <a href=\"https:\/\/holocaustremembrance.com\/wp-content\/uploads\/2024\/11\/IHRA-Roma-Resource-V6_Digital_A4.pdf.\">https:\/\/holocaustremembrance.com\/wp-content\/uploads\/2024\/11\/IHRA-Roma-Resource-V6_Digital_A4.pdf.<\/a><\/p>\n\n\n\n<p><strong>Dr. sc. Vojak<\/strong> sudjelovao je u sklopu plenuma IHRA-e u organiziranju znanstvene konferencije 3rd International IHRA Conference on the Persecution and Genocide of Roma During the Nazi Era: Agency, Education &amp; Anti-Discrimination odr\u017eane 6. prosinca 2024. \u2013 <a href=\"https:\/\/www.pilar.hr\/wp-content\/uploads\/2024\/12\/3_IHRA_Program.pdf\">Program konferencije<\/a><\/p>\n\n\n\n<hr class=\"wp-block-separator has-alpha-channel-opacity\"\/>\n\n\n\n<p>Izvor i dodatne informacije:<\/p>\n\n\n\n<figure class=\"wp-block-embed is-type-wp-embed is-provider-institut-dru-tvenih-znanosti-ivo-pilar wp-block-embed-institut-dru-tvenih-znanosti-ivo-pilar\"><div class=\"wp-block-embed__wrapper\">\n<blockquote class=\"wp-embedded-content\" data-secret=\"Os0usfaVWb\"><a href=\"https:\/\/www.pilar.hr\/2024\/12\/dr-sc-danijel-vojak-na-plenumu-medunarodnog-saveza-za-sjecanje-na-holokaust-london-1-7-12-2024\/\">Dr. sc. Danijel Vojak na plenumu Me\u0111unarodnog saveza za sje\u0107anje na Holokaust; London, 1.-7. 12. 2024.<\/a><\/blockquote><iframe loading=\"lazy\" class=\"wp-embedded-content\" sandbox=\"allow-scripts\" security=\"restricted\" style=\"position: absolute; visibility: hidden;\" title=\"&#8220;Dr. sc. Danijel Vojak na plenumu Me\u0111unarodnog saveza za sje\u0107anje na Holokaust; London, 1.-7. 12. 2024.&#8221; &#8212; Institut dru\u0161tvenih znanosti Ivo Pilar\" src=\"https:\/\/www.pilar.hr\/2024\/12\/dr-sc-danijel-vojak-na-plenumu-medunarodnog-saveza-za-sjecanje-na-holokaust-london-1-7-12-2024\/embed\/#?secret=NrIpwqg0wo#?secret=Os0usfaVWb\" data-secret=\"Os0usfaVWb\" width=\"600\" height=\"338\" frameborder=\"0\" marginwidth=\"0\" marginheight=\"0\" scrolling=\"no\"><\/iframe>\n<\/div><\/figure>\n\n\n\n<hr class=\"wp-block-separator has-alpha-channel-opacity\"\/>\n","protected":false},"excerpt":{"rendered":"","protected":false},"author":2,"featured_media":44004,"comment_status":"open","ping_status":"open","sticky":false,"template":"","format":"standard","meta":{"_acf_changed":false,"jetpack_post_was_ever_published":false,"_jetpack_newsletter_access":"","_jetpack_dont_email_post_to_subs":false,"_jetpack_newsletter_tier_id":0,"_jetpack_memberships_contains_paywalled_content":false,"_jetpack_memberships_contains_paid_content":false,"footnotes":"","jetpack_publicize_message":"","jetpack_publicize_feature_enabled":true,"jetpack_social_post_already_shared":true,"jetpack_social_options":{"image_generator_settings":{"template":"highway","default_image_id":0,"font":"","enabled":false},"version":2}},"categories":[3],"tags":[],"class_list":["post-44003","post","type-post","status-publish","format-standard","has-post-thumbnail","hentry","category-novosti"],"acf":{"facebook_opis":""},"jetpack_publicize_connections":[],"jetpack_featured_media_url":"https:\/\/i0.wp.com\/historiografija.hr\/wp-content\/uploads\/2024\/12\/Vojak_foto.jpg?fit=620%2C360&ssl=1","jetpack_sharing_enabled":true,"jetpack-related-posts":[],"_links":{"self":[{"href":"https:\/\/historiografija.hr\/index.php?rest_route=\/wp\/v2\/posts\/44003","targetHints":{"allow":["GET"]}}],"collection":[{"href":"https:\/\/historiografija.hr\/index.php?rest_route=\/wp\/v2\/posts"}],"about":[{"href":"https:\/\/historiografija.hr\/index.php?rest_route=\/wp\/v2\/types\/post"}],"author":[{"embeddable":true,"href":"https:\/\/historiografija.hr\/index.php?rest_route=\/wp\/v2\/users\/2"}],"replies":[{"embeddable":true,"href":"https:\/\/historiografija.hr\/index.php?rest_route=%2Fwp%2Fv2%2Fcomments&post=44003"}],"version-history":[{"count":1,"href":"https:\/\/historiografija.hr\/index.php?rest_route=\/wp\/v2\/posts\/44003\/revisions"}],"predecessor-version":[{"id":44005,"href":"https:\/\/historiografija.hr\/index.php?rest_route=\/wp\/v2\/posts\/44003\/revisions\/44005"}],"wp:featuredmedia":[{"embeddable":true,"href":"https:\/\/historiografija.hr\/index.php?rest_route=\/wp\/v2\/media\/44004"}],"wp:attachment":[{"href":"https:\/\/historiografija.hr\/index.php?rest_route=%2Fwp%2Fv2%2Fmedia&parent=44003"}],"wp:term":[{"taxonomy":"category","embeddable":true,"href":"https:\/\/historiografija.hr\/index.php?rest_route=%2Fwp%2Fv2%2Fcategories&post=44003"},{"taxonomy":"post_tag","embeddable":true,"href":"https:\/\/historiografija.hr\/index.php?rest_route=%2Fwp%2Fv2%2Ftags&post=44003"}],"curies":[{"name":"wp","href":"https:\/\/api.w.org\/{rel}","templated":true}]}}