{"id":44000,"date":"2024-12-19T22:29:36","date_gmt":"2024-12-19T22:29:36","guid":{"rendered":"https:\/\/historiografija.hr\/?p=44000"},"modified":"2024-12-19T22:29:36","modified_gmt":"2024-12-19T22:29:36","slug":"tjedan-edukacije-o-holokaustu-2025","status":"publish","type":"post","link":"https:\/\/historiografija.hr\/?p=44000","title":{"rendered":"Tjedan edukacije o Holokaustu 2025"},"content":{"rendered":"\n<p>Povodom 80. godi\u0161njice oslobo\u0111enja logora smrti Auschwitz, pozivamo vas na sudjelovanje u <strong>Tjednu edukacije o Holokaustu 2025<\/strong>, koji se odr\u017eava od 20. do 27. sije\u010dnja 2025. godine. Ove edukacije nude jedinstvenu priliku za duboko razumijevanje povijesnih \u010dinjenica, suo\u010davanje s mitovima i zabludama te promicanje svijesti o va\u017enosti sje\u0107anja na \u017ertve i pre\u017eivjele Holokausta. Cilj je ovih edukacija sprije\u010diti iskrivljavanje povijesti, potaknuti kriti\u010dko razmi\u0161ljanje i osigurati da ovakvi zlo\u010dini nikada ne budu zaboravljeni niti ponovljeni.<\/p>\n\n\n\n<p>S obzirom na aktualne izazove povijesnog revizionizma, poricanja Holokausta i rast antisemitizma, klju\u010dno je dodatno educirati javnost o ovim temama, posebno koriste\u0107i primjere iz povijesti koji nas u\u010de kako prepoznati opasnosti netolerancije i mr\u017enje. Program uklju\u010duje interdisciplinarni pristup koji povezuje povijest, sociologiju, psihologiju i medijsku pismenost te naglasak na rad s autenti\u010dnim povijesnim izvorima.<\/p>\n\n\n\n<p>Tjedan edukacije o Holokaustu organiziraju Clionaut Akademija i udruga Platforma Klio. Inicijator i voditelj projekta je Miljenko Hajdarovi\u0107.<\/p>\n\n\n\n<p><strong>Program predavanja<\/strong><\/p>\n\n\n\n<p><strong>1. Simboli mr\u017enje u 21. stolje\u0107u<\/strong><br><strong>20. sije\u010dnja 2025. @ 18:00 \u2013 19:30 CET<\/strong><br>Digitalni mediji i javni prostor danas su preplavljeni simbolima koji poti\u010du mr\u017enju i netoleranciju, poput svastike, brojeva 88 i slogana \u201eZa dom spremni\u201c. Ova edukacija osmi\u0161ljena je kako bi nastavnicima pomogla prepoznati ove simbole u razli\u010ditim kontekstima, razumjeti njihov povijesni razvoj i analizirati njihov utjecaj u suvremenom dru\u0161tvu. Predavanje \u0107e tako\u0111er ponuditi strategije za rad s u\u010denicima kako bi se potaknulo kriti\u010dko razmi\u0161ljanje i suprotstavilo propagandi mr\u017enje.<\/p>\n\n\n\n<p><strong>2. Krivnja pre\u017eivjelog<\/strong><br><strong>22. sije\u010dnja 2025. @ 18:00 \u2013 19:00 CET<\/strong><br>Fenomen \u201ekrivnje pre\u017eivjelog\u201c opisuje osje\u0107aj ljudi koji su pre\u017eivjeli katastrofe, dok su drugi izgubili \u017eivot. Predavanje Berta Bacinger-Klobu\u010dari\u0107, klini\u010dke psihologinje, istra\u017euje kako ovaj osje\u0107aj utje\u010de na emocionalno zdravlje pre\u017eivjelih Holokausta i drugih katastrofa, te kako razumijevanje ovog fenomena mo\u017ee doprinijeti edukaciji i empatiji kod mladih generacija.<\/p>\n\n\n\n<p><strong>3. Holokaust na tlu njema\u010dkog okupacijskog podru\u010dja u Srbiji 1941.\u20131944.<\/strong><br><strong>24. sije\u010dnja 2025. @ 18:00 \u2013 19:30 CET<\/strong><br>Dr. sc. Sanja Petrovi\u0107 Todosijevi\u0107 vodi nas kroz faze i dinamiku provo\u0111enja Holokausta na podru\u010dju Srbije pod njema\u010dkom okupacijom. Predavanje se fokusira na \u017eivot \u017didova, logore poput Sajmi\u0161ta, propagandu i tragi\u010dne ishode za \u017eidovsku zajednicu. Analiza kombinira povijesne \u010dinjenice, dokumente i lokalne kontekste.<\/p>\n\n\n\n<p><strong>4. Holokaust \u2013 mitovi, zablude i poricanje<\/strong><br><strong>25. sije\u010dnja 2025. @ 10:00 \u2013 11:30 CET<\/strong><br>Ova edukacija razotkriva naj\u010de\u0161\u0107e mitove i zablude o Holokaustu, poput pogre\u0161nih interpretacija statistika, pri\u010da o sapunu od ljudskih tijela i reakcijama saveznika. Miljenko Hajdarovi\u0107 koristi arhivske fotografije i filmske \u017eurnale kako bi sudionicima pru\u017eio to\u010dan prikaz povijesnih \u010dinjenica te alate za suprotstavljanje povijesnom revizionizmu.<\/p>\n\n\n\n<p><strong>5. Holokaust: Glasovi pre\u017eivjelih i dokumenti u\u017easa<\/strong><br><strong>27. sije\u010dnja 2025. @ 18:00 \u2013 19:30 CET<\/strong><br>Predavanje se fokusira na osobna svjedo\u010danstva pre\u017eivjelih logora smrti, dokumente i autenti\u010dne snimke koje prikazuju brutalnost nacisti\u010dke rasne ideologije. Posebna pa\u017enja posve\u0107ena je logoru Auschwitz, njegovoj ulozi u Holokaustu i zna\u010daju oslobo\u0111enja koje obilje\u017eavamo upravo na taj dan.<\/p>\n\n\n\n<p><strong>Prakti\u010dne informacije<\/strong><\/p>\n\n\n\n<p>Edukacije su namijenjene nastavnicima, studentima, u\u010denicima i svima zainteresiranima za povijest i ljudska prava.<\/p>\n\n\n\n<p>Sudjelovanje je besplatno za neka predavanja, dok su druga dostupna po pristupa\u010dnim cijenama.<\/p>\n\n\n\n<p>Broj mjesta je ograni\u010den. Osigurajte svoje mjesto pravovremenom registracijom.<\/p>\n\n\n\n<p>Pridru\u017eite nam se u ovom Tjednu edukacije kako bismo zajedno u\u010dili, pamtili i djelovali za bolje sutra. Svojim sudjelovanjem \u010duvamo sje\u0107anje na \u017ertve Holokausta i doprinosimo borbi protiv mr\u017enje i netolerancije.<\/p>\n\n\n\n<p>\u010clanovi Clionaut Akademije i Platforme Klio imaju BESPLATAN ULAZ na sva predavanja.<\/p>\n\n\n\n<hr class=\"wp-block-separator has-alpha-channel-opacity\"\/>\n\n\n\n<p>Izvor o dodatne obavijesti:<\/p>\n\n\n\n<figure class=\"wp-block-embed is-type-wp-embed is-provider-clionaut-akademija wp-block-embed-clionaut-akademija\"><div class=\"wp-block-embed__wrapper\">\n<blockquote class=\"wp-embedded-content\" data-secret=\"G8K0AAlErg\"><a href=\"https:\/\/povijest.net\/ca\/2024\/tjedan-edukacije-o-holokaustu-2025\/\">Tjedan edukacije o Holokaustu 2025<\/a><\/blockquote><iframe loading=\"lazy\" class=\"wp-embedded-content\" sandbox=\"allow-scripts\" security=\"restricted\" style=\"position: absolute; visibility: hidden;\" title=\"&#8220;Tjedan edukacije o Holokaustu 2025&#8221; &#8212; ClioNaut Akademija\" src=\"https:\/\/povijest.net\/ca\/2024\/tjedan-edukacije-o-holokaustu-2025\/embed\/#?secret=m52OrGTwUB#?secret=G8K0AAlErg\" data-secret=\"G8K0AAlErg\" width=\"600\" height=\"338\" frameborder=\"0\" marginwidth=\"0\" marginheight=\"0\" scrolling=\"no\"><\/iframe>\n<\/div><\/figure>\n\n\n\n<hr class=\"wp-block-separator has-alpha-channel-opacity\"\/>\n","protected":false},"excerpt":{"rendered":"","protected":false},"author":2,"featured_media":44001,"comment_status":"open","ping_status":"open","sticky":false,"template":"","format":"standard","meta":{"_acf_changed":false,"jetpack_post_was_ever_published":false,"_jetpack_newsletter_access":"","_jetpack_dont_email_post_to_subs":false,"_jetpack_newsletter_tier_id":0,"_jetpack_memberships_contains_paywalled_content":false,"_jetpack_memberships_contains_paid_content":false,"footnotes":"","jetpack_publicize_message":"","jetpack_publicize_feature_enabled":true,"jetpack_social_post_already_shared":true,"jetpack_social_options":{"image_generator_settings":{"template":"highway","default_image_id":0,"font":"","enabled":false},"version":2}},"categories":[3],"tags":[],"class_list":["post-44000","post","type-post","status-publish","format-standard","has-post-thumbnail","hentry","category-novosti"],"acf":{"facebook_opis":""},"jetpack_publicize_connections":[],"jetpack_featured_media_url":"https:\/\/i0.wp.com\/historiografija.hr\/wp-content\/uploads\/2024\/12\/tjedan-edukacije-o-Holokaustu-2025.jpg?fit=1180%2C622&ssl=1","jetpack_sharing_enabled":true,"jetpack-related-posts":[],"_links":{"self":[{"href":"https:\/\/historiografija.hr\/index.php?rest_route=\/wp\/v2\/posts\/44000","targetHints":{"allow":["GET"]}}],"collection":[{"href":"https:\/\/historiografija.hr\/index.php?rest_route=\/wp\/v2\/posts"}],"about":[{"href":"https:\/\/historiografija.hr\/index.php?rest_route=\/wp\/v2\/types\/post"}],"author":[{"embeddable":true,"href":"https:\/\/historiografija.hr\/index.php?rest_route=\/wp\/v2\/users\/2"}],"replies":[{"embeddable":true,"href":"https:\/\/historiografija.hr\/index.php?rest_route=%2Fwp%2Fv2%2Fcomments&post=44000"}],"version-history":[{"count":1,"href":"https:\/\/historiografija.hr\/index.php?rest_route=\/wp\/v2\/posts\/44000\/revisions"}],"predecessor-version":[{"id":44002,"href":"https:\/\/historiografija.hr\/index.php?rest_route=\/wp\/v2\/posts\/44000\/revisions\/44002"}],"wp:featuredmedia":[{"embeddable":true,"href":"https:\/\/historiografija.hr\/index.php?rest_route=\/wp\/v2\/media\/44001"}],"wp:attachment":[{"href":"https:\/\/historiografija.hr\/index.php?rest_route=%2Fwp%2Fv2%2Fmedia&parent=44000"}],"wp:term":[{"taxonomy":"category","embeddable":true,"href":"https:\/\/historiografija.hr\/index.php?rest_route=%2Fwp%2Fv2%2Fcategories&post=44000"},{"taxonomy":"post_tag","embeddable":true,"href":"https:\/\/historiografija.hr\/index.php?rest_route=%2Fwp%2Fv2%2Ftags&post=44000"}],"curies":[{"name":"wp","href":"https:\/\/api.w.org\/{rel}","templated":true}]}}