{"id":43994,"date":"2024-12-19T22:11:54","date_gmt":"2024-12-19T22:11:54","guid":{"rendered":"https:\/\/historiografija.hr\/?p=43994"},"modified":"2024-12-19T22:11:54","modified_gmt":"2024-12-19T22:11:54","slug":"svi-brojevi-jurine-i-franine-sada-dostupni-online-istrazite-bogatu-istarsku-bastinu","status":"publish","type":"post","link":"https:\/\/historiografija.hr\/?p=43994","title":{"rendered":"Svi brojevi \u201cJurine i Franine\u201d sada dostupni online \u2013 istra\u017eite bogatu istarsku ba\u0161tinu!"},"content":{"rendered":"\n<p>Istarsko povijesno dru\u0161tvo s ponosom objavljuje da su svi svesci legendarnog istarskog kalendara \u201cJurina i Franina\u201d od sada dostupni za \u010ditanje i pretra\u017eivanje putem interneta. Cjelokupna gra\u0111a mo\u017ee se konzultirati na mre\u017enim stranicama IPD-a: <a href=\"https:\/\/ipd-ssi.hr\/jurina-i-franina\/\">https:\/\/ipd-ssi.hr\/jurina-i-franina\/<\/a>.<\/p>\n\n\n\n<p>Ovaj opse\u017ean projekt obuhvatio je digitalizaciju gotovo 17.000 stranica ispunjenih \u010dlancima istaknutih novinara, publicista i znanstvenika. Tekstovi su posve\u0107eni povijesti, kulturi i svakodnevnom \u017eivotu Istre te su pisani pristupa\u010dnim stilom, namijenjenim naj\u0161irem krugu \u010ditatelja. Digitalni arhiv obuhva\u0107a oba izdanja \u201cJurine i Franine\u201d: prvu seriju (1923.\u20131929.), koju je prekinula talijanska fa\u0161isti\u010dka vlast, te drugu seriju (od 1953. do danas). Ovaj povijesni kalendar sada mo\u017eete pretra\u017eivati prema klju\u010dnoj rije\u010di, \u0161to omogu\u0107uje jednostavniji pristup informacijama i bogatom sadr\u017eaju.<\/p>\n\n\n\n<p>Voditelj ovog projekta bio je \u017deljko Cetina, prof., a koordinator dr. sc. Milan Rado\u0161evi\u0107. Digitalizacija \u201cJurine i Franine\u201d predstavlja dosad najzahtjevniji poduhvat u sklopu projekta Istarskog povijesnog dru\u0161tva \u201cDigitalizacija historiografske literature\u201d.<\/p>\n\n\n\n<p>Projekt je realiziran uz potporu Grada Pule-Pola, Istarske \u017eupanije \u2013 Regione Istriana i Sveu\u010dili\u0161ne knji\u017enice u Puli.<\/p>\n\n\n\n<p>Od 2015. godine, Istarsko povijesno dru\u0161tvo neumorno radi na digitalizaciji historiografske literature kako bi dragocjenija literatura iz podru\u010dja kulture i povijesti Istre bila dostupna svim generacijama (digitalizirani su i Vjesnik historijskih arhiva u Rijeci i Pazinu, Vjesnik istarskog arhiva, Pazinski memorijal, Prilozi o zavi\u010daju, Jadranski zbornik). Pridru\u017eite nam se na putovanju kroz povijest Istre \u2013 posjetite na\u0161u mre\u017enu stranicu i ponovno otkrijte \u201cJurinu i Franinu\u201d!<\/p>\n\n\n\n<hr class=\"wp-block-separator has-alpha-channel-opacity\"\/>\n\n\n\n<p>Izvor:<\/p>\n\n\n\n<figure class=\"wp-block-embed is-type-wp-embed is-provider-istarsko-povijesno-dru-tvo-societ-storica-istriana wp-block-embed-istarsko-povijesno-dru-tvo-societ-storica-istriana\"><div class=\"wp-block-embed__wrapper\">\n<blockquote class=\"wp-embedded-content\" data-secret=\"2PrEKVk1Gu\"><a href=\"https:\/\/ipd-ssi.hr\/2024\/12\/10\/svi-brojevi-jurine-i-franine-sada-dostupni-online-istrazite-bogatu-istarsku-bastinu\/\">Svi brojevi &#8220;Jurine i Franine&#8221; sada dostupni online \u2013 istra\u017eite bogatu istarsku ba\u0161tinu!<\/a><\/blockquote><iframe loading=\"lazy\" class=\"wp-embedded-content\" sandbox=\"allow-scripts\" security=\"restricted\" style=\"position: absolute; visibility: hidden;\" title=\"&#8220;Svi brojevi &#8220;Jurine i Franine&#8221; sada dostupni online \u2013 istra\u017eite bogatu istarsku ba\u0161tinu!&#8221; &#8212; Istarsko povijesno dru\u0161tvo - Societ\u00e0 Storica Istriana\" src=\"https:\/\/ipd-ssi.hr\/2024\/12\/10\/svi-brojevi-jurine-i-franine-sada-dostupni-online-istrazite-bogatu-istarsku-bastinu\/embed\/#?secret=kxOU41B7eo#?secret=2PrEKVk1Gu\" data-secret=\"2PrEKVk1Gu\" width=\"600\" height=\"338\" frameborder=\"0\" marginwidth=\"0\" marginheight=\"0\" scrolling=\"no\"><\/iframe>\n<\/div><\/figure>\n\n\n\n<hr class=\"wp-block-separator has-alpha-channel-opacity\"\/>\n","protected":false},"excerpt":{"rendered":"","protected":false},"author":2,"featured_media":43995,"comment_status":"open","ping_status":"open","sticky":false,"template":"","format":"standard","meta":{"_acf_changed":false,"jetpack_post_was_ever_published":false,"_jetpack_newsletter_access":"","_jetpack_dont_email_post_to_subs":false,"_jetpack_newsletter_tier_id":0,"_jetpack_memberships_contains_paywalled_content":false,"_jetpack_memberships_contains_paid_content":false,"footnotes":"","jetpack_publicize_message":"","jetpack_publicize_feature_enabled":true,"jetpack_social_post_already_shared":true,"jetpack_social_options":{"image_generator_settings":{"template":"highway","default_image_id":0,"font":"","enabled":false},"version":2}},"categories":[3],"tags":[],"class_list":["post-43994","post","type-post","status-publish","format-standard","has-post-thumbnail","hentry","category-novosti"],"acf":{"facebook_opis":""},"jetpack_publicize_connections":[],"jetpack_featured_media_url":"https:\/\/i0.wp.com\/historiografija.hr\/wp-content\/uploads\/2024\/12\/Kalendar.jpg?fit=700%2C441&ssl=1","jetpack_sharing_enabled":true,"jetpack-related-posts":[],"_links":{"self":[{"href":"https:\/\/historiografija.hr\/index.php?rest_route=\/wp\/v2\/posts\/43994","targetHints":{"allow":["GET"]}}],"collection":[{"href":"https:\/\/historiografija.hr\/index.php?rest_route=\/wp\/v2\/posts"}],"about":[{"href":"https:\/\/historiografija.hr\/index.php?rest_route=\/wp\/v2\/types\/post"}],"author":[{"embeddable":true,"href":"https:\/\/historiografija.hr\/index.php?rest_route=\/wp\/v2\/users\/2"}],"replies":[{"embeddable":true,"href":"https:\/\/historiografija.hr\/index.php?rest_route=%2Fwp%2Fv2%2Fcomments&post=43994"}],"version-history":[{"count":1,"href":"https:\/\/historiografija.hr\/index.php?rest_route=\/wp\/v2\/posts\/43994\/revisions"}],"predecessor-version":[{"id":43996,"href":"https:\/\/historiografija.hr\/index.php?rest_route=\/wp\/v2\/posts\/43994\/revisions\/43996"}],"wp:featuredmedia":[{"embeddable":true,"href":"https:\/\/historiografija.hr\/index.php?rest_route=\/wp\/v2\/media\/43995"}],"wp:attachment":[{"href":"https:\/\/historiografija.hr\/index.php?rest_route=%2Fwp%2Fv2%2Fmedia&parent=43994"}],"wp:term":[{"taxonomy":"category","embeddable":true,"href":"https:\/\/historiografija.hr\/index.php?rest_route=%2Fwp%2Fv2%2Fcategories&post=43994"},{"taxonomy":"post_tag","embeddable":true,"href":"https:\/\/historiografija.hr\/index.php?rest_route=%2Fwp%2Fv2%2Ftags&post=43994"}],"curies":[{"name":"wp","href":"https:\/\/api.w.org\/{rel}","templated":true}]}}