{"id":43983,"date":"2024-12-18T23:23:33","date_gmt":"2024-12-18T23:23:33","guid":{"rendered":"https:\/\/historiografija.hr\/?p=43983"},"modified":"2024-12-18T23:40:54","modified_gmt":"2024-12-18T23:40:54","slug":"razgovor-o-knjizi-slika-krize-kulturne-i-umjetnicke-prilike-u-bosni-i-hercegovini-1990-2020-u-sarajevu","status":"publish","type":"post","link":"https:\/\/historiografija.hr\/?p=43983","title":{"rendered":"Razgovor o knjizi &#8220;Slika krize. Kulturne i umjetni\u010dke prilike u Bosni i Hercegovini (1990-2020)&#8221; u Sarajevu"},"content":{"rendered":"\n<p>Historijski muzej BiH i Buybook organiziraju razgovor o knjizi &#8220;Slika krize. Kulturne i umjetni\u010dke prilike u Bosni i Hercegovini (1990-2020)&#8221;. Autor knjige je histori\u010dar umjetnosti i kustos Irfan Ho\u0161i\u0107, koji aktivno djeluje na doma\u0107em i me\u0111unarodnom nivou. Njegova profesionalna baza je u Biha\u0107u, rodnom gradu koji mu je kroz \u017eivot i karijeru pru\u017eao inspiraciju i motivaciju za djelovanje. S posebnim interesom za umjetnost Bosne i Hercegovine u 20. i 21. stolje\u0107u, Irfan Ho\u0161i\u0107 kroz svoja istra\u017eivanja i praksu nastoji razumjeti i analizirati historijske i umjetni\u010dke tokove koji su oblikovali kulturnu scenu Bosne i Hercegovine.<\/p>\n\n\n\n<p>Razgovor o knjizi \u0107e biti 19. decembra 2024. godine u 18.00 sati u Histotrijskom muzeju BiH u Sarajevu. U razgovoru u\u010destvuju: \u0160ejla Kameri\u0107, Senka Ibri\u0161imbegovi\u0107, Irfan Ho\u0161i\u0107 i Elma Hod\u017ei\u0107.<\/p>\n\n\n\n<p>\u201cPrvi sinopsis za navedeno istra\u017eivanje nastao je za potrebe moga jednogodi\u0161njeg istra\u017eiva\u010dkog boravka na College for Creative Studies i Wayne State University u Detroitu, a koji je izveden 2019. i 2020. godine. Na slu\u010daju Detroita sam \u017eelio reflektirati situaciju u Bosni i Hercegovini, jer mi se Detroit u\u010dinio kao solidan komparativni oslonac. Imao je konfliktnu pro\u0161lost, obilje\u017een je opse\u017enom deindustrijalizacijom, do\u017eivio je radikalnu depopulaciju i u takvom ambijentu artikulirao je neku novu socijalnu praksu kao metodologiju otpora propalom sistemu. To me motivisalo da krenem analizirati \u201esliku krize\u201c u svojoj sredini. I predstavljanje knjige u Historijskom muzeju Bosne i Hercegovine u Sarajevu, svojevrsni je povratak u kontekst koji je predmet knjige. A to su prekidi, rezovi, diskontinuitet, i dakako, kriza.\u201d<\/p>\n\n\n\n<p>Knjigu je objavila Izdava\u010dka ku\u0107a <a href=\"https:\/\/buybook.ba\/proizvod\/slika-krize-kulturne-i-umjetnicke-prilike-u-bosni-i-hercegovini-1990-2020-5949\">Buybook<\/a> iz Sarajeva.&nbsp;<\/p>\n\n\n\n<hr class=\"wp-block-separator has-alpha-channel-opacity\"\/>\n\n\n\n<p>Izvor:<\/p>\n\n\n\n<p><a href=\"https:\/\/historiografija.ba\/historija-u-javnosti\/dogadjaji\/kulturne-i-umjetnicke-prilike-u-bosni-i-hercegovini\">https:\/\/historiografija.ba\/historija-u-javnosti\/dogadjaji\/kulturne-i-umjetnicke-prilike-u-bosni-i-hercegovini<\/a><\/p>\n\n\n\n<hr class=\"wp-block-separator has-alpha-channel-opacity\"\/>\n","protected":false},"excerpt":{"rendered":"","protected":false},"author":2,"featured_media":43984,"comment_status":"open","ping_status":"open","sticky":false,"template":"","format":"standard","meta":{"_acf_changed":false,"jetpack_post_was_ever_published":false,"_jetpack_newsletter_access":"","_jetpack_dont_email_post_to_subs":false,"_jetpack_newsletter_tier_id":0,"_jetpack_memberships_contains_paywalled_content":false,"_jetpack_memberships_contains_paid_content":false,"footnotes":"","jetpack_publicize_message":"","jetpack_publicize_feature_enabled":true,"jetpack_social_post_already_shared":true,"jetpack_social_options":{"image_generator_settings":{"template":"highway","default_image_id":0,"font":"","enabled":false},"version":2}},"categories":[3],"tags":[],"class_list":["post-43983","post","type-post","status-publish","format-standard","has-post-thumbnail","hentry","category-novosti"],"acf":{"facebook_opis":""},"jetpack_publicize_connections":[],"jetpack_featured_media_url":"https:\/\/i0.wp.com\/historiografija.hr\/wp-content\/uploads\/2024\/12\/hosic-slike-krize.jpg?fit=555%2C370&ssl=1","jetpack_sharing_enabled":true,"jetpack-related-posts":[],"_links":{"self":[{"href":"https:\/\/historiografija.hr\/index.php?rest_route=\/wp\/v2\/posts\/43983","targetHints":{"allow":["GET"]}}],"collection":[{"href":"https:\/\/historiografija.hr\/index.php?rest_route=\/wp\/v2\/posts"}],"about":[{"href":"https:\/\/historiografija.hr\/index.php?rest_route=\/wp\/v2\/types\/post"}],"author":[{"embeddable":true,"href":"https:\/\/historiografija.hr\/index.php?rest_route=\/wp\/v2\/users\/2"}],"replies":[{"embeddable":true,"href":"https:\/\/historiografija.hr\/index.php?rest_route=%2Fwp%2Fv2%2Fcomments&post=43983"}],"version-history":[{"count":2,"href":"https:\/\/historiografija.hr\/index.php?rest_route=\/wp\/v2\/posts\/43983\/revisions"}],"predecessor-version":[{"id":43992,"href":"https:\/\/historiografija.hr\/index.php?rest_route=\/wp\/v2\/posts\/43983\/revisions\/43992"}],"wp:featuredmedia":[{"embeddable":true,"href":"https:\/\/historiografija.hr\/index.php?rest_route=\/wp\/v2\/media\/43984"}],"wp:attachment":[{"href":"https:\/\/historiografija.hr\/index.php?rest_route=%2Fwp%2Fv2%2Fmedia&parent=43983"}],"wp:term":[{"taxonomy":"category","embeddable":true,"href":"https:\/\/historiografija.hr\/index.php?rest_route=%2Fwp%2Fv2%2Fcategories&post=43983"},{"taxonomy":"post_tag","embeddable":true,"href":"https:\/\/historiografija.hr\/index.php?rest_route=%2Fwp%2Fv2%2Ftags&post=43983"}],"curies":[{"name":"wp","href":"https:\/\/api.w.org\/{rel}","templated":true}]}}