{"id":43980,"date":"2024-12-18T23:18:04","date_gmt":"2024-12-18T23:18:04","guid":{"rendered":"https:\/\/historiografija.hr\/?p=43980"},"modified":"2024-12-18T23:18:04","modified_gmt":"2024-12-18T23:18:04","slug":"promocija-knjige-wer-ist-walter-medunarodne-perspektive-otpora-u-evropi-tokom-drugog-svetskog-rata-u-beogradu","status":"publish","type":"post","link":"https:\/\/historiografija.hr\/?p=43980","title":{"rendered":"Promocija knjige \u201eWer ist Walter? Me\u0111unarodne perspektive otpora u Evropi tokom Drugog svetskog rata\u201d u Beogradu"},"content":{"rendered":"\n<p>Projekat \u201eWer ist Walter? Otpor nacizmu u Evropi\u201d okupio je me\u0111unarodni tim istori\u010dara i kustosa koji su dve godine razmenjivali znanja o razli\u010ditim vidovima otpora fa\u0161izmu tokom Drugog svetskog rata i ideje kako danas o ovoj temi govoriti u akademskom, muzeolo\u0161kom i obrazovnom kontekstu. Saradnja je rezultirala akademskom publikacijom, digitalnom platformom i stalnom postavkom u Historijskom muzeju Bosne i Hercegovine.<\/p>\n\n\n\n<p>Publikacija \u201eWer ist Walter? Me\u0111unarodne perspektive otpora u Evropi tokom Drugog svetskog rata\u201d okuplja 32 priloga i studije slu\u010daja o istoriji otpora protiv nacizma, fa\u0161izma, okupacije i kolaboracije tokom Drugog svetskog rata, kao i o memorijalizaciji posle 1945. godine, posebno u muzejima. Autori su istori\u010dari, kustosi i drugi istra\u017eiva\u010di iz Bosne i Hercegovine, Hrvatske, Francuske, Nema\u010dke, Srbije i drugih zemalja. Knjiga se mo\u017ee preuzeti u pdf formatu, na sajtu: <a href=\"https:\/\/l.facebook.com\/l.php?u=http%3A%2F%2Fwww.weristwalter.eu%2F%3Ffbclid%3DIwZXh0bgNhZW0CMTAAAR2scF0sSWLA-soW90Y3VfNv8qleNxgU4LFsRsGtt62HJoC8mrdicXTSlBA_aem_E-vn8WOCMrWJ-0CVJlRbGw&amp;h=AT2jgF8BydAaDKkftkw6oOovq-JaKdj7_-uySYypBDVdhc8ZQ3552gqea1UrbI6bNnKuT2YrMKKvkkAI0tzxzJFSdo4i5sEe1AK1bu82eaEuuffAoLttufiydv2g4rpRpiLo&amp;__tn__=q&amp;c%5b0%5d=AT0GFKyVubZY9Plah_E4ezbOz9m442o7raR-F4UJgCBjwmgw1ZynBnhbS0B6gjytui1gl32tgnoIFFafZ4HlSSpAHf9IM3vBzOw0P1d1h1msd1QOIFE0w7sAy6asTX_YnIC40_xOfEDyYE36ZG-gAqa5MybbchrGgpze5A\" target=\"_blank\" rel=\"noreferrer noopener\">www.weristwalter.eu.<\/a><\/p>\n\n\n\n<p>Razgovaraju:<\/p>\n\n\n\n<p>Prof. Dr Marko \u0160uica, Filozofski fakultet, Beograd<br>Dr Olga Manojlovi\u0107 Pintar, Institut za noviju istoriju Srbije, Beograd<br>Elma Ha\u0161imbegovi\u0107, Historijski muzej Bosne i Hercegovine, Sarajevo<br>Ana Pani\u0107, Muzej Jugoslavije, Beograd, moderatorka<\/p>\n\n\n\n<p>Muzej 25. maj &#8211; Bioskopska sala, srijeda, 18. 12. 2024. u 13:00<\/p>\n\n\n\n<hr class=\"wp-block-separator has-alpha-channel-opacity\"\/>\n\n\n\n<p>Izvor:<\/p>\n\n\n\n<figure class=\"wp-block-embed is-type-wp-embed is-provider-muzej-jugoslavije wp-block-embed-muzej-jugoslavije\"><div class=\"wp-block-embed__wrapper\">\n<blockquote class=\"wp-embedded-content\" data-secret=\"QkY9HWPDrp\"><a href=\"https:\/\/muzej-jugoslavije.org\/program\/promocija-knjige-wer-ist-walter-medjunarodne-perspektive-otpora-u-evropi-tokom-drugog-svetskog-rata\/\">Promocija knjige: \u201eWer ist Walter?<\/a><\/blockquote><iframe loading=\"lazy\" class=\"wp-embedded-content\" sandbox=\"allow-scripts\" security=\"restricted\" style=\"position: absolute; visibility: hidden;\" title=\"&#132;Promocija knjige: \u201eWer ist Walter?&#147; &#8212; Muzej Jugoslavije\" src=\"https:\/\/muzej-jugoslavije.org\/program\/promocija-knjige-wer-ist-walter-medjunarodne-perspektive-otpora-u-evropi-tokom-drugog-svetskog-rata\/embed\/#?secret=x48BS66S3R#?secret=QkY9HWPDrp\" data-secret=\"QkY9HWPDrp\" width=\"600\" height=\"338\" frameborder=\"0\" marginwidth=\"0\" marginheight=\"0\" scrolling=\"no\"><\/iframe>\n<\/div><\/figure>\n\n\n\n<hr class=\"wp-block-separator has-alpha-channel-opacity\"\/>\n","protected":false},"excerpt":{"rendered":"","protected":false},"author":2,"featured_media":43981,"comment_status":"open","ping_status":"open","sticky":false,"template":"","format":"standard","meta":{"_acf_changed":false,"jetpack_post_was_ever_published":false,"_jetpack_newsletter_access":"","_jetpack_dont_email_post_to_subs":false,"_jetpack_newsletter_tier_id":0,"_jetpack_memberships_contains_paywalled_content":false,"_jetpack_memberships_contains_paid_content":false,"footnotes":"","jetpack_publicize_message":"","jetpack_publicize_feature_enabled":true,"jetpack_social_post_already_shared":true,"jetpack_social_options":{"image_generator_settings":{"template":"highway","default_image_id":0,"font":"","enabled":false},"version":2}},"categories":[3],"tags":[],"class_list":["post-43980","post","type-post","status-publish","format-standard","has-post-thumbnail","hentry","category-novosti"],"acf":{"facebook_opis":""},"jetpack_publicize_connections":[],"jetpack_featured_media_url":"https:\/\/i0.wp.com\/historiografija.hr\/wp-content\/uploads\/2024\/12\/Walter.jpg?fit=960%2C716&ssl=1","jetpack_sharing_enabled":true,"jetpack-related-posts":[],"_links":{"self":[{"href":"https:\/\/historiografija.hr\/index.php?rest_route=\/wp\/v2\/posts\/43980","targetHints":{"allow":["GET"]}}],"collection":[{"href":"https:\/\/historiografija.hr\/index.php?rest_route=\/wp\/v2\/posts"}],"about":[{"href":"https:\/\/historiografija.hr\/index.php?rest_route=\/wp\/v2\/types\/post"}],"author":[{"embeddable":true,"href":"https:\/\/historiografija.hr\/index.php?rest_route=\/wp\/v2\/users\/2"}],"replies":[{"embeddable":true,"href":"https:\/\/historiografija.hr\/index.php?rest_route=%2Fwp%2Fv2%2Fcomments&post=43980"}],"version-history":[{"count":1,"href":"https:\/\/historiografija.hr\/index.php?rest_route=\/wp\/v2\/posts\/43980\/revisions"}],"predecessor-version":[{"id":43982,"href":"https:\/\/historiografija.hr\/index.php?rest_route=\/wp\/v2\/posts\/43980\/revisions\/43982"}],"wp:featuredmedia":[{"embeddable":true,"href":"https:\/\/historiografija.hr\/index.php?rest_route=\/wp\/v2\/media\/43981"}],"wp:attachment":[{"href":"https:\/\/historiografija.hr\/index.php?rest_route=%2Fwp%2Fv2%2Fmedia&parent=43980"}],"wp:term":[{"taxonomy":"category","embeddable":true,"href":"https:\/\/historiografija.hr\/index.php?rest_route=%2Fwp%2Fv2%2Fcategories&post=43980"},{"taxonomy":"post_tag","embeddable":true,"href":"https:\/\/historiografija.hr\/index.php?rest_route=%2Fwp%2Fv2%2Ftags&post=43980"}],"curies":[{"name":"wp","href":"https:\/\/api.w.org\/{rel}","templated":true}]}}