{"id":43971,"date":"2024-12-17T22:03:02","date_gmt":"2024-12-17T22:03:02","guid":{"rendered":"https:\/\/historiografija.hr\/?p=43971"},"modified":"2024-12-17T22:03:02","modified_gmt":"2024-12-17T22:03:02","slug":"izlozba-amerika-na-filozofskom-medugeneracijska-diskusija","status":"publish","type":"post","link":"https:\/\/historiografija.hr\/?p=43971","title":{"rendered":"Izlo\u017eba &#8221;Amerika na Filozofskom: me\u0111ugeneracijska diskusija&#8221;"},"content":{"rendered":"\n<p>Otvorenje izlo\u017ebe &#8221;Amerika na Filozofskom: me\u0111ugeneracijska diskusija&#8221; umjetnice Kristine Leko nastale u suradnji sa studentima Odsjeka za kroatistiku bit \u0107e u \u010detvrtak, 19. prosinca 2024. u 12h u izlo\u017ebenom prostoru ispred knji\u017enice Filozofskog fakulteta u Zagrebu.&nbsp;<\/p>\n\n\n\n<p>Pozdravne rije\u010di na otvorenju izlo\u017ebe uputit \u0107e Kristina Leko, izv. prof. Ma\u0161a Kolanovi\u0107, prodekanica za znanost i me\u0111unarodnu suradnju izv. prof. Lovorka Maga\u0161 Biland\u017ei\u0107, zamjenik pro\u010delnice Odsjeka za kroatistiku izv. prof. Davor Nikoli\u0107 i studenti Odsjeka za kroatistiku.<\/p>\n\n\n\n<p>Izlo\u017eba &#8221;Amerika na Filozofskom: me\u0111ugeneracijska diskusija&#8221; projekt je nastao u suradnji s umjetnicom Kristinom Leko i studentima na kolegiju &#8221;Ekonomski imaginarij Sjedinjenih Ameri\u010dkih Dr\u017eava u hrvatskoj knji\u017eevnosti 20. st.&#8221; izv. prof. Ma\u0161e Kolanovi\u0107 s Odsjeka za kroatistiku Filozofskog fakulteta Sveu\u010dili\u0161ta u Zagrebu. Izlo\u017eba prikazuje 5 \u017eenskih iseljeni\u010dkih biografija iz New Yorka te slu\u017ei kao pokreta\u010d participativno kolaborativnog procesa u kojem su studenti sudjelovali u me\u0111ugeneracijskoj socijalno kriti\u010dkoj diskusiji. Kroz izbor fotografija iz arhiva umjetnice Kristine Leko prikupljenog u hrvatskom iseljeni\u0161tvu u Astoriji, N.Y.C. od 2002.-2005. izlo\u017eba daje uvid u pet narativa iseljenica Marcelle Bonich, Mirjam Busani\u0107, Nori Boni Zorovi\u0107, Mirjam \u017dgombi\u0107 i Ljubice \u017dic, ocrtavaju\u0107i manje poznatu iseljeni\u010dku povijest \u017eena primorske i dalmatinske Hrvatske od kraja 19. te kroz 20. stolje\u0107e. Studenti su imali prilike pogledati zabilje\u017eena svjedo\u010danstva iseljenica, a njihovi su dojmovi i razmi\u0161ljanja o iskustvima iseljenica, ekonomskim uvjetima \u017eivota nekad i sad te projekcijama bolje budu\u0107nosti uklopljeni u postav izlo\u017ebe kao izdvojeni fragmenti na plakatima.<\/p>\n\n\n\n<hr class=\"wp-block-separator has-alpha-channel-opacity\"\/>\n\n\n\n<p>Dodatne obavijesti:<\/p>\n\n\n\n<p><a href=\"https:\/\/otvorenilikovnipogon.org\/projekti\/amerika-na-filozofskom-fakultetu.html\">https:\/\/otvorenilikovnipogon.org\/projekti\/amerika-na-filozofskom-fakultetu.html<\/a><\/p>\n\n\n\n<hr class=\"wp-block-separator has-alpha-channel-opacity\"\/>\n","protected":false},"excerpt":{"rendered":"","protected":false},"author":2,"featured_media":43972,"comment_status":"open","ping_status":"open","sticky":false,"template":"","format":"standard","meta":{"_acf_changed":false,"jetpack_post_was_ever_published":false,"_jetpack_newsletter_access":"","_jetpack_dont_email_post_to_subs":false,"_jetpack_newsletter_tier_id":0,"_jetpack_memberships_contains_paywalled_content":false,"_jetpack_memberships_contains_paid_content":false,"footnotes":"","jetpack_publicize_message":"","jetpack_publicize_feature_enabled":true,"jetpack_social_post_already_shared":true,"jetpack_social_options":{"image_generator_settings":{"template":"highway","default_image_id":0,"font":"","enabled":false},"version":2}},"categories":[10,3],"tags":[],"class_list":["post-43971","post","type-post","status-publish","format-standard","has-post-thumbnail","hentry","category-izlozbe","category-novosti"],"acf":{"facebook_opis":""},"jetpack_publicize_connections":[],"jetpack_featured_media_url":"https:\/\/i0.wp.com\/historiografija.hr\/wp-content\/uploads\/2024\/12\/Izlozba_Amerika.jpg?fit=1810%2C1200&ssl=1","jetpack_sharing_enabled":true,"jetpack-related-posts":[],"_links":{"self":[{"href":"https:\/\/historiografija.hr\/index.php?rest_route=\/wp\/v2\/posts\/43971","targetHints":{"allow":["GET"]}}],"collection":[{"href":"https:\/\/historiografija.hr\/index.php?rest_route=\/wp\/v2\/posts"}],"about":[{"href":"https:\/\/historiografija.hr\/index.php?rest_route=\/wp\/v2\/types\/post"}],"author":[{"embeddable":true,"href":"https:\/\/historiografija.hr\/index.php?rest_route=\/wp\/v2\/users\/2"}],"replies":[{"embeddable":true,"href":"https:\/\/historiografija.hr\/index.php?rest_route=%2Fwp%2Fv2%2Fcomments&post=43971"}],"version-history":[{"count":1,"href":"https:\/\/historiografija.hr\/index.php?rest_route=\/wp\/v2\/posts\/43971\/revisions"}],"predecessor-version":[{"id":43973,"href":"https:\/\/historiografija.hr\/index.php?rest_route=\/wp\/v2\/posts\/43971\/revisions\/43973"}],"wp:featuredmedia":[{"embeddable":true,"href":"https:\/\/historiografija.hr\/index.php?rest_route=\/wp\/v2\/media\/43972"}],"wp:attachment":[{"href":"https:\/\/historiografija.hr\/index.php?rest_route=%2Fwp%2Fv2%2Fmedia&parent=43971"}],"wp:term":[{"taxonomy":"category","embeddable":true,"href":"https:\/\/historiografija.hr\/index.php?rest_route=%2Fwp%2Fv2%2Fcategories&post=43971"},{"taxonomy":"post_tag","embeddable":true,"href":"https:\/\/historiografija.hr\/index.php?rest_route=%2Fwp%2Fv2%2Ftags&post=43971"}],"curies":[{"name":"wp","href":"https:\/\/api.w.org\/{rel}","templated":true}]}}