{"id":43967,"date":"2024-12-17T21:51:54","date_gmt":"2024-12-17T21:51:54","guid":{"rendered":"https:\/\/historiografija.hr\/?p=43967"},"modified":"2024-12-17T21:52:22","modified_gmt":"2024-12-17T21:52:22","slug":"projekcija-filma-i-tribina-blokade-u-srbiji","status":"publish","type":"post","link":"https:\/\/historiografija.hr\/?p=43967","title":{"rendered":"Projekcija filma i tribina \u201eBlokade u Srbiji\u201c"},"content":{"rendered":"\n<p>Projekcija dokumentarnog filma &#8220;Novi Sad \u2013 hronologija pada&#8221; o nesre\u0107i u Novom Sadu i popratna tribina o prosvjedima i blokadama fakulteta diljem Srbije koje su uslijedile nakon stravi\u010dne nesre\u0107e odr\u017eat \u0107e se u srijedu, 18. 12. 2024. u 19:00 h u dvorani D3 Filozofskog fakulteta u Zagrebu.<\/p>\n\n\n\n<p>Nakon projekcije filma odr\u017eat \u0107e se tribina na kojoj \u0107e sudjelovati:<\/p>\n\n\n\n<ul class=\"wp-block-list\">\n<li>Lazar Dini\u0107, STAV<\/li>\n<\/ul>\n\n\n\n<ul class=\"wp-block-list\">\n<li>dr. sc. Karlo Kralj, FPZG<\/li>\n<\/ul>\n\n\n\n<ul class=\"wp-block-list\">\n<li>Borna Pribeti\u0107, Udruga IKS<\/li>\n<\/ul>\n\n\n\n<ul class=\"wp-block-list\">\n<li>izv. prof. dr. sc. Kruno Kardov, FFZG<\/li>\n<\/ul>\n\n\n\n<ul class=\"wp-block-list\">\n<li>Nika Keserovi\u0107, SZFFZG<\/li>\n<\/ul>\n\n\n\n<ul class=\"wp-block-list\">\n<li>Ines Rukelj, moderatorica<\/li>\n<\/ul>\n\n\n\n<p>Tribini \u0107ete mo\u0107i pristupiti i online, a link za pridru\u017eivanje bit \u0107e dostupan u komentarima uo\u010di tribine.<\/p>\n\n\n\n<hr class=\"wp-block-separator has-alpha-channel-opacity\"\/>\n\n\n\n<p>Izvor:<\/p>\n\n\n\n<p><a href=\"https:\/\/www.facebook.com\/szborffzg\">https:\/\/www.facebook.com\/szborffzg<\/a><\/p>\n\n\n\n<hr class=\"wp-block-separator has-alpha-channel-opacity\"\/>\n","protected":false},"excerpt":{"rendered":"","protected":false},"author":2,"featured_media":43968,"comment_status":"open","ping_status":"open","sticky":false,"template":"","format":"standard","meta":{"_acf_changed":false,"jetpack_post_was_ever_published":false,"_jetpack_newsletter_access":"","_jetpack_dont_email_post_to_subs":false,"_jetpack_newsletter_tier_id":0,"_jetpack_memberships_contains_paywalled_content":false,"_jetpack_memberships_contains_paid_content":false,"footnotes":"","jetpack_publicize_message":"","jetpack_publicize_feature_enabled":true,"jetpack_social_post_already_shared":true,"jetpack_social_options":{"image_generator_settings":{"template":"highway","default_image_id":0,"font":"","enabled":false},"version":2}},"categories":[13,3],"tags":[],"class_list":["post-43967","post","type-post","status-publish","format-standard","has-post-thumbnail","hentry","category-filmovi-i-serije","category-novosti"],"acf":{"facebook_opis":""},"jetpack_publicize_connections":[],"jetpack_featured_media_url":"https:\/\/i0.wp.com\/historiografija.hr\/wp-content\/uploads\/2024\/12\/Blokade.jpg?fit=1080%2C1080&ssl=1","jetpack_sharing_enabled":true,"jetpack-related-posts":[],"_links":{"self":[{"href":"https:\/\/historiografija.hr\/index.php?rest_route=\/wp\/v2\/posts\/43967","targetHints":{"allow":["GET"]}}],"collection":[{"href":"https:\/\/historiografija.hr\/index.php?rest_route=\/wp\/v2\/posts"}],"about":[{"href":"https:\/\/historiografija.hr\/index.php?rest_route=\/wp\/v2\/types\/post"}],"author":[{"embeddable":true,"href":"https:\/\/historiografija.hr\/index.php?rest_route=\/wp\/v2\/users\/2"}],"replies":[{"embeddable":true,"href":"https:\/\/historiografija.hr\/index.php?rest_route=%2Fwp%2Fv2%2Fcomments&post=43967"}],"version-history":[{"count":2,"href":"https:\/\/historiografija.hr\/index.php?rest_route=\/wp\/v2\/posts\/43967\/revisions"}],"predecessor-version":[{"id":43970,"href":"https:\/\/historiografija.hr\/index.php?rest_route=\/wp\/v2\/posts\/43967\/revisions\/43970"}],"wp:featuredmedia":[{"embeddable":true,"href":"https:\/\/historiografija.hr\/index.php?rest_route=\/wp\/v2\/media\/43968"}],"wp:attachment":[{"href":"https:\/\/historiografija.hr\/index.php?rest_route=%2Fwp%2Fv2%2Fmedia&parent=43967"}],"wp:term":[{"taxonomy":"category","embeddable":true,"href":"https:\/\/historiografija.hr\/index.php?rest_route=%2Fwp%2Fv2%2Fcategories&post=43967"},{"taxonomy":"post_tag","embeddable":true,"href":"https:\/\/historiografija.hr\/index.php?rest_route=%2Fwp%2Fv2%2Ftags&post=43967"}],"curies":[{"name":"wp","href":"https:\/\/api.w.org\/{rel}","templated":true}]}}