{"id":43962,"date":"2024-12-17T21:35:14","date_gmt":"2024-12-17T21:35:14","guid":{"rendered":"https:\/\/historiografija.hr\/?p=43962"},"modified":"2024-12-17T21:37:21","modified_gmt":"2024-12-17T21:37:21","slug":"regionalna-cajanka-predavanje-branimira-jankovica-nemogucnost-govora-o-jugoslaviji-hrvatski-slucaj","status":"publish","type":"post","link":"https:\/\/historiografija.hr\/?p=43962","title":{"rendered":"Regionalna \u010dajanka: Predavanje Branimira Jankovi\u0107a \u201e(Ne)mogu\u0107nost govora o Jugoslaviji: hrvatski slu\u010daj&#8221;"},"content":{"rendered":"\n<p>Napomena: Izgleda da se Branimir Jankovi\u0107 nehotice uklju\u010dio u predsjedni\u010dku kampanju u Hrvatskoj, daju\u0107i materijala tvrdnjama nekih kandidata o prevlasti \u201eduha jugoslavenizma koji je zavladao politikom, institucijama i obrazovanjem\u201c i koriste\u0107i neke od zadnjih prilika prije njegova istjerivanja. Njegovim vjernim pratiteljima na portalu Narod.hr i u Hrvatskom tjedniku to nije ni\u0161ta iznena\u0111uju\u0107e, kao ni da je rije\u010d o ciklusu predavanja \u201eJugoslavija\u201c niti da se on odvija u Beogradu. \u0160tovi\u0161e, sve je sjelo na svoje mjesto kad se otkrilo da je jedan prethodni Branimir Jankovi\u0107 bio <a href=\"https:\/\/idn.org.rs\/osoblje\/branimir-jankovic\/\">direktor<\/a> tog istog Instituta dru\u0161tvenih nauka 1970-1972. Upitan za komentar, Jankovi\u0107 je samo kratko odgovorio da, uz du\u017eno po\u0161tovanje, va\u017enijim smatra pitanje odr\u017eavanja predavanja u kontekstu studentskih blokada diljem Srbije. Bilo kako bilo, svakako \u0107emo nastaviti pratiti ovaj zaista nesvakida\u0161nji slu\u010daj. (<strong><em>Historiografija.hr<\/em><\/strong>)<\/p>\n\n\n\n<hr class=\"wp-block-separator has-alpha-channel-opacity\"\/>\n\n\n\n<p>Pozivamo Vas na predavanje<\/p>\n\n\n\n<p><strong>prof. dr Branimira Jankovi\u0107a<\/strong><br>Filozofski fakultet<br>Sveu\u010dili\u0161te u Zagrebu<br><br>na temu<br><em>(Ne)mogu\u0107nost govora o Jugoslaviji:<br>Hrvatski slu\u010daj<\/em><br>\u00a0\u00a0<br>Predavanje \u0107e se odr\u017eati<br>u sredu <strong>18. decembra 2024. godine u 12 \u010dasova<\/strong><br>u Institutu dru\u0161tvenih nauka u Beogradu (ulica Kraljice Natalije br. 45),<br>u Velikoj sali na prvom spratu.<br>\u00a0<br>Moderatorka predavanja i diskusije je dr Irena Risti\u0107 (IDN).\u00a0<br><br>Predavanje mo\u017eete pratiti i onlajn putem zoom platforme.\u00a0<\/p>\n\n\n\n<p><a href=\"https:\/\/zoom.us\/j\/91063601299?pwd=apbU4LEemaM7sgjaLIihIkE6Q7rkJ2.1\">https:\/\/zoom.us\/j\/91063601299?pwd=apbU4LEemaM7sgjaLIihIkE6Q7rkJ2.1<\/a><\/p>\n\n\n\n<p>Meeting ID: 910 6360 1299<br>Passcode: 887568<\/p>\n\n\n\n<hr class=\"wp-block-separator has-alpha-channel-opacity\"\/>\n\n\n\n<p>Op\u0161irnije:<\/p>\n\n\n\n<p><a href=\"https:\/\/idn.org.rs\/regionalna-cajanka-sa-branimirom-jankovicem-nemogucnost-govora-o-jugoslaviji-hrvatski-slucaj\">https:\/\/idn.org.rs\/regionalna-cajanka-sa-branimirom-jankovicem-nemogucnost-govora-o-jugoslaviji-hrvatski-slucaj<\/a><\/p>\n\n\n\n<figure class=\"wp-block-embed is-type-wp-embed is-provider-ancsee-network wp-block-embed-ancsee-network\"><div class=\"wp-block-embed__wrapper\">\n<blockquote class=\"wp-embedded-content\" data-secret=\"lhmkywfySg\"><a href=\"https:\/\/ancsee.org\/tea-party-with-branimir-jankovic-yugoslavia-as-a-taboo\/\">&#8220;Tea party&#8221; with Branimir Jankovi\u0107: Yugoslavia as a taboo<\/a><\/blockquote><iframe loading=\"lazy\" class=\"wp-embedded-content\" sandbox=\"allow-scripts\" security=\"restricted\" style=\"position: absolute; visibility: hidden;\" title=\"&#8220;&#8220;Tea party&#8221; with Branimir Jankovi\u0107: Yugoslavia as a taboo&#8221; &#8212; ANCSEE Network\" src=\"https:\/\/ancsee.org\/tea-party-with-branimir-jankovic-yugoslavia-as-a-taboo\/embed\/#?secret=yz9IyIZY3g#?secret=lhmkywfySg\" data-secret=\"lhmkywfySg\" width=\"600\" height=\"338\" frameborder=\"0\" marginwidth=\"0\" marginheight=\"0\" scrolling=\"no\"><\/iframe>\n<\/div><\/figure>\n\n\n\n<hr class=\"wp-block-separator has-alpha-channel-opacity\"\/>\n\n\n\n<p><a href=\"https:\/\/historiografija.ba\/historija-u-javnosti\/dogadjaji\/govor-o-jugoslaviji-hrvatski-slucaj\">https:\/\/historiografija.ba\/historija-u-javnosti\/dogadjaji\/govor-o-jugoslaviji-hrvatski-slucaj<\/a><\/p>\n\n\n\n<hr class=\"wp-block-separator has-alpha-channel-opacity\"\/>\n","protected":false},"excerpt":{"rendered":"","protected":false},"author":2,"featured_media":40214,"comment_status":"open","ping_status":"open","sticky":false,"template":"","format":"standard","meta":{"_acf_changed":false,"jetpack_post_was_ever_published":false,"_jetpack_newsletter_access":"","_jetpack_dont_email_post_to_subs":false,"_jetpack_newsletter_tier_id":0,"_jetpack_memberships_contains_paywalled_content":false,"_jetpack_memberships_contains_paid_content":false,"footnotes":"","jetpack_publicize_message":"","jetpack_publicize_feature_enabled":true,"jetpack_social_post_already_shared":true,"jetpack_social_options":{"image_generator_settings":{"template":"highway","default_image_id":0,"font":"","enabled":false},"version":2}},"categories":[3],"tags":[],"class_list":["post-43962","post","type-post","status-publish","format-standard","has-post-thumbnail","hentry","category-novosti"],"acf":{"facebook_opis":""},"jetpack_publicize_connections":[],"jetpack_featured_media_url":"https:\/\/i0.wp.com\/historiografija.hr\/wp-content\/uploads\/2024\/03\/cajanka-2024-lat.jpg?fit=1920%2C1080&ssl=1","jetpack_sharing_enabled":true,"jetpack-related-posts":[],"_links":{"self":[{"href":"https:\/\/historiografija.hr\/index.php?rest_route=\/wp\/v2\/posts\/43962","targetHints":{"allow":["GET"]}}],"collection":[{"href":"https:\/\/historiografija.hr\/index.php?rest_route=\/wp\/v2\/posts"}],"about":[{"href":"https:\/\/historiografija.hr\/index.php?rest_route=\/wp\/v2\/types\/post"}],"author":[{"embeddable":true,"href":"https:\/\/historiografija.hr\/index.php?rest_route=\/wp\/v2\/users\/2"}],"replies":[{"embeddable":true,"href":"https:\/\/historiografija.hr\/index.php?rest_route=%2Fwp%2Fv2%2Fcomments&post=43962"}],"version-history":[{"count":4,"href":"https:\/\/historiografija.hr\/index.php?rest_route=\/wp\/v2\/posts\/43962\/revisions"}],"predecessor-version":[{"id":43966,"href":"https:\/\/historiografija.hr\/index.php?rest_route=\/wp\/v2\/posts\/43962\/revisions\/43966"}],"wp:featuredmedia":[{"embeddable":true,"href":"https:\/\/historiografija.hr\/index.php?rest_route=\/wp\/v2\/media\/40214"}],"wp:attachment":[{"href":"https:\/\/historiografija.hr\/index.php?rest_route=%2Fwp%2Fv2%2Fmedia&parent=43962"}],"wp:term":[{"taxonomy":"category","embeddable":true,"href":"https:\/\/historiografija.hr\/index.php?rest_route=%2Fwp%2Fv2%2Fcategories&post=43962"},{"taxonomy":"post_tag","embeddable":true,"href":"https:\/\/historiografija.hr\/index.php?rest_route=%2Fwp%2Fv2%2Ftags&post=43962"}],"curies":[{"name":"wp","href":"https:\/\/api.w.org\/{rel}","templated":true}]}}