{"id":43955,"date":"2024-12-16T23:22:03","date_gmt":"2024-12-16T23:22:03","guid":{"rendered":"https:\/\/historiografija.hr\/?p=43955"},"modified":"2024-12-16T23:22:45","modified_gmt":"2024-12-16T23:22:45","slug":"promocija-knjige-petra-zarkovica-marko-nikezic-diplomata-u-sredistu-hladnog-rata-u-novom-sadu","status":"publish","type":"post","link":"https:\/\/historiografija.hr\/?p=43955","title":{"rendered":"Promocija knjige Petra \u017darkovi\u0107a \u201eMarko Nikezi\u0107. Diplomata u sredi\u0161tu hladnog rata\u201c u Novom Sadu"},"content":{"rendered":"\n<p>Akademska knjiga i Nezavisno udru\u017eenje novinara Vojvodine organiziraju promociju knjige Petra \u017darkovi\u0107a <em>Marko Nikezi\u0107. Diplomata u sredi\u0161tu hladnog rata<\/em>.<\/p>\n\n\n\n<p>O knjizi \u0107e govoriti:<\/p>\n\n\n\n<p>Milivoj Be\u0161lin,<\/p>\n\n\n\n<p>Aleksej Ki\u0161juhas<\/p>\n\n\n\n<p>Tara Tepavac i<\/p>\n\n\n\n<p>autor, Petar \u017darkovi\u0107<\/p>\n\n\n\n<p>Izdava\u010d knjige je Akademska knjiga iz Novog Sada.<\/p>\n\n\n\n<p>Predstavljanje \u0107e biti u srijedu, 18. decembra 2024. u 18.00 sati u prostorijama Nezavisnog udru\u017eenja novinara Vojvodine, ul Sutjeska 2, Spens\/ulaz 8, Novi Sad<\/p>\n\n\n\n<hr class=\"wp-block-separator has-alpha-channel-opacity\"\/>\n\n\n\n<p>Izvori:<\/p>\n\n\n\n<p><a href=\"https:\/\/historiografija.ba\/historija-u-javnosti\/dogadjaji\/najava-promocije-knjige-o-marku-nikezicu\">https:\/\/historiografija.ba\/historija-u-javnosti\/dogadjaji\/najava-promocije-knjige-o-marku-nikezicu<\/a><\/p>\n\n\n\n<p><a href=\"https:\/\/akademskaknjiga.com\/predstavljanje-knjige-marko-nikezic-diplomata-u-sredistu-hladnog-rata-18-decembra-u-novom-sadu\">https:\/\/akademskaknjiga.com\/predstavljanje-knjige-marko-nikezic-diplomata-u-sredistu-hladnog-rata-18-decembra-u-novom-sadu<\/a><\/p>\n\n\n\n<hr class=\"wp-block-separator has-alpha-channel-opacity\"\/>\n","protected":false},"excerpt":{"rendered":"","protected":false},"author":2,"featured_media":43956,"comment_status":"open","ping_status":"open","sticky":false,"template":"","format":"standard","meta":{"_acf_changed":false,"jetpack_post_was_ever_published":false,"_jetpack_newsletter_access":"","_jetpack_dont_email_post_to_subs":false,"_jetpack_newsletter_tier_id":0,"_jetpack_memberships_contains_paywalled_content":false,"_jetpack_memberships_contains_paid_content":false,"footnotes":"","jetpack_publicize_message":"","jetpack_publicize_feature_enabled":true,"jetpack_social_post_already_shared":true,"jetpack_social_options":{"image_generator_settings":{"template":"highway","default_image_id":0,"font":"","enabled":false},"version":2}},"categories":[3],"tags":[],"class_list":["post-43955","post","type-post","status-publish","format-standard","has-post-thumbnail","hentry","category-novosti"],"acf":{"facebook_opis":""},"jetpack_publicize_connections":[],"jetpack_featured_media_url":"https:\/\/i0.wp.com\/historiografija.hr\/wp-content\/uploads\/2024\/12\/Promocija-2.png?fit=1200%2C676&ssl=1","jetpack_sharing_enabled":true,"jetpack-related-posts":[],"_links":{"self":[{"href":"https:\/\/historiografija.hr\/index.php?rest_route=\/wp\/v2\/posts\/43955","targetHints":{"allow":["GET"]}}],"collection":[{"href":"https:\/\/historiografija.hr\/index.php?rest_route=\/wp\/v2\/posts"}],"about":[{"href":"https:\/\/historiografija.hr\/index.php?rest_route=\/wp\/v2\/types\/post"}],"author":[{"embeddable":true,"href":"https:\/\/historiografija.hr\/index.php?rest_route=\/wp\/v2\/users\/2"}],"replies":[{"embeddable":true,"href":"https:\/\/historiografija.hr\/index.php?rest_route=%2Fwp%2Fv2%2Fcomments&post=43955"}],"version-history":[{"count":2,"href":"https:\/\/historiografija.hr\/index.php?rest_route=\/wp\/v2\/posts\/43955\/revisions"}],"predecessor-version":[{"id":43958,"href":"https:\/\/historiografija.hr\/index.php?rest_route=\/wp\/v2\/posts\/43955\/revisions\/43958"}],"wp:featuredmedia":[{"embeddable":true,"href":"https:\/\/historiografija.hr\/index.php?rest_route=\/wp\/v2\/media\/43956"}],"wp:attachment":[{"href":"https:\/\/historiografija.hr\/index.php?rest_route=%2Fwp%2Fv2%2Fmedia&parent=43955"}],"wp:term":[{"taxonomy":"category","embeddable":true,"href":"https:\/\/historiografija.hr\/index.php?rest_route=%2Fwp%2Fv2%2Fcategories&post=43955"},{"taxonomy":"post_tag","embeddable":true,"href":"https:\/\/historiografija.hr\/index.php?rest_route=%2Fwp%2Fv2%2Ftags&post=43955"}],"curies":[{"name":"wp","href":"https:\/\/api.w.org\/{rel}","templated":true}]}}