{"id":43945,"date":"2024-12-16T22:48:46","date_gmt":"2024-12-16T22:48:46","guid":{"rendered":"https:\/\/historiografija.hr\/?p=43945"},"modified":"2024-12-16T22:49:16","modified_gmt":"2024-12-16T22:49:16","slug":"predavanje-domagoja-marica-bec-budimpesta-zagreb-nepostojeci-trokut-glazbene-moderne","status":"publish","type":"post","link":"https:\/\/historiografija.hr\/?p=43945","title":{"rendered":"Predavanje Domagoja Mari\u0107a \u201eBe\u010d \u2013 Budimpe\u0161ta \u2013 Zagreb: (ne)postoje\u0107i trokut glazbene moderne\u201c"},"content":{"rendered":"\n<p>Galerija Klovi\u0107evi dvori u Zagrebu, 19. prosinca 2024. u 18:00 sati<\/p>\n\n\n\n<hr class=\"wp-block-separator has-alpha-channel-opacity\"\/>\n\n\n\n<p>Iako se za glazbu ka\u017ee da je univerzalni jezik koji povezuje razli\u010dite sredine i kulture, glazbene veze izme\u0111u tri velika sredi\u0161ta Monarhije na prijelazu stolje\u0107a nisu bile osobito sna\u017ene. Be\u010d je kao \u201eglavni grad glazbe\u201c privla\u010dio hrvatske skladatelje jo\u0161 od 18. stolje\u0107a i vremena Luke Sorko\u010devi\u0107a, no glazbeni mostovi izme\u0111u Zagreba i Budimpe\u0161te ne odgovaraju snazi politi\u010dkih veza dvaju sredi\u0161ta. To je potvrdila i najve\u0107a hrvatska skladateljica Dora Peja\u010devi\u0107, ro\u0111ena upravo u Budimpe\u0161ti, u pismu skladatelju Antunu Dobroni\u0107u iz 1920. godine. Na Dobroni\u0107evo pitanje smije li zagreba\u010dki izdava\u010d \u010caklovi\u0107 ponovno objaviti njezin klavirski ciklus <em>Ma\u0161tanja<\/em> prvi put objavljen u Budimpe\u0161ti petnaestak godina prije, skladateljica mu je odgovorila da ne brine jer \u201eBudimpe\u0161ta i Zagreb u nikakovoj muzikalnoj vezi ne stoje\u201c. No tome ipak nije u potpunosti tako, jer su tri grada bila glazbeno povezana barem kroz osobu Dore Peja\u010devi\u0107. Predavanje \u0107e zapo\u010deti i zavr\u0161iti slikovitim opisima dvaju glazbenih putovanja vlakom iz Be\u010da u Zagreb. Prvo je putovanje Ivana Zajca i njegove obitelji 1870. godine, koje je ozna\u010dilo po\u010detak novog razdoblja u povijesti hrvatske glazbe. Pedesetak godina poslije istom rutom putovale su Dora Peja\u010devi\u0107 i njezina prijateljica Sidonija N\u00e1dhern\u00fd, o \u010demu doznajemo iz njezinog dnevnika. Izme\u0111u Be\u010da, Budimpe\u0161te i Zagreba te 1870. i 1921. smje\u0161teno je i ovo predavanje, pra\u0107eno glazbenim primjerima.<\/p>\n\n\n\n<p><strong>Domagoj Mari\u0107<\/strong> diplomirao je muzikologiju, njema\u010dki i francuski jezik na Sveu\u010dili\u0161tu u Zagrebu. Radio je kao diplomat zadu\u017een za politi\u010dku i kulturnu bilateralnu suradnju u Veleposlanstvima RH u Be\u010du i Berlinu. Autor je monografija \u201eKulturna diplomacija u praksi. Godina kulture Hrvatska\u2013Austrija 2017.\u201c i \u201eDora Peja\u010devi\u0107. \u017divoti i svjetovi\u201c (\u0160kolska knjiga, 2021. i 2023.) te niza radova iz muzikologije, lingvistike i kulturne diplomacije. Stalni je vanjski suradnik Hrvatskoga radija.<\/p>\n\n\n\n<hr class=\"wp-block-separator has-alpha-channel-opacity\"\/>\n","protected":false},"excerpt":{"rendered":"","protected":false},"author":2,"featured_media":43946,"comment_status":"open","ping_status":"open","sticky":false,"template":"","format":"standard","meta":{"_acf_changed":false,"jetpack_post_was_ever_published":false,"_jetpack_newsletter_access":"","_jetpack_dont_email_post_to_subs":false,"_jetpack_newsletter_tier_id":0,"_jetpack_memberships_contains_paywalled_content":false,"_jetpack_memberships_contains_paid_content":false,"footnotes":"","jetpack_publicize_message":"","jetpack_publicize_feature_enabled":true,"jetpack_social_post_already_shared":true,"jetpack_social_options":{"image_generator_settings":{"template":"highway","default_image_id":0,"font":"","enabled":false},"version":2}},"categories":[3],"tags":[],"class_list":["post-43945","post","type-post","status-publish","format-standard","has-post-thumbnail","hentry","category-novosti"],"acf":{"facebook_opis":""},"jetpack_publicize_connections":[],"jetpack_featured_media_url":"https:\/\/i0.wp.com\/historiografija.hr\/wp-content\/uploads\/2024\/12\/Ideal-i-stvarnost-1.jpg?fit=900%2C318&ssl=1","jetpack_sharing_enabled":true,"jetpack-related-posts":[],"_links":{"self":[{"href":"https:\/\/historiografija.hr\/index.php?rest_route=\/wp\/v2\/posts\/43945","targetHints":{"allow":["GET"]}}],"collection":[{"href":"https:\/\/historiografija.hr\/index.php?rest_route=\/wp\/v2\/posts"}],"about":[{"href":"https:\/\/historiografija.hr\/index.php?rest_route=\/wp\/v2\/types\/post"}],"author":[{"embeddable":true,"href":"https:\/\/historiografija.hr\/index.php?rest_route=\/wp\/v2\/users\/2"}],"replies":[{"embeddable":true,"href":"https:\/\/historiografija.hr\/index.php?rest_route=%2Fwp%2Fv2%2Fcomments&post=43945"}],"version-history":[{"count":2,"href":"https:\/\/historiografija.hr\/index.php?rest_route=\/wp\/v2\/posts\/43945\/revisions"}],"predecessor-version":[{"id":43948,"href":"https:\/\/historiografija.hr\/index.php?rest_route=\/wp\/v2\/posts\/43945\/revisions\/43948"}],"wp:featuredmedia":[{"embeddable":true,"href":"https:\/\/historiografija.hr\/index.php?rest_route=\/wp\/v2\/media\/43946"}],"wp:attachment":[{"href":"https:\/\/historiografija.hr\/index.php?rest_route=%2Fwp%2Fv2%2Fmedia&parent=43945"}],"wp:term":[{"taxonomy":"category","embeddable":true,"href":"https:\/\/historiografija.hr\/index.php?rest_route=%2Fwp%2Fv2%2Fcategories&post=43945"},{"taxonomy":"post_tag","embeddable":true,"href":"https:\/\/historiografija.hr\/index.php?rest_route=%2Fwp%2Fv2%2Ftags&post=43945"}],"curies":[{"name":"wp","href":"https:\/\/api.w.org\/{rel}","templated":true}]}}