{"id":43937,"date":"2024-12-14T20:52:23","date_gmt":"2024-12-14T20:52:23","guid":{"rendered":"https:\/\/historiografija.hr\/?p=43937"},"modified":"2024-12-14T20:53:14","modified_gmt":"2024-12-14T20:53:14","slug":"historiografska-misao-dana-lucien-febvre-da-biste-se-bavili-povijescu-odlucno-okrenite-leda-proslosti-i-umijesajte-se-u-zivot","status":"publish","type":"post","link":"https:\/\/historiografija.hr\/?p=43937","title":{"rendered":"Historiografska misao dana \u2013 Lucien Febvre: Da biste se bavili povije\u0161\u0107u, odlu\u010dno okrenite le\u0111a pro\u0161losti i umije\u0161ajte se u \u017eivot"},"content":{"rendered":"\n<p>\u201e(\u2026) da biste se bavili istorijom, odlu\u010dno okrenite le\u0111a pro\u0161losti i najpre \u017eivite. Ume\u0161ajte se u \u017eivot. U intelektualni \u017eivot, svakako, u svoj njegovoj raznolikosti. Istori\u010dari, budite geografi. Budite tako\u0111e pravnici, i sociolozi, i psiholozi; ne zatvarajte o\u010di pred ogromnim kovitlacem koji pred va\u0161im o\u010dima vrtoglavom brzinom preobra\u017eava nauke fizi\u010dkog univerzalizma. Ali, \u017eivite i prakti\u010dnim \u017eivotom. Ne zadovoljavajte se time da lenjo sa obale posmatrate \u0161ta se doga\u0111a na pomahnitalom moru.\u201c<\/p>\n\n\n\n<p>Lucien Febvre, <strong><em>Borba za istoriju<\/em><\/strong>, Beograd 2004, str. 52-53.<\/p>\n\n\n\n<hr class=\"wp-block-separator has-alpha-channel-opacity\"\/>\n\n\n\n<p>\u00ab pour faire de l\u2019histoire tournez le dos r\u00e9solument au pass\u00e9 et vivez d\u2019abord. M\u00ealez-vous \u00e0 la vie. A la vie intellectuelle, sans doute, dans toute sa vari\u00e9t\u00e9. Historiens, soyez g\u00e9ographes. Soyez juristes aussi, et sociologues, et psychologues ; ne fermez pas les yeux au grand mouvement qui, devant vous, transforme, \u00e0 une allure vertigineuse, les sciences de l\u2019univers physique. Mais vivez aussi, d\u2019une vie pratique. Ne vous contentez pas de regarder du rivage, paresseusement, ce qui se passe sur la mer en furie. \u00bb \u00a0<\/p>\n\n\n\n<p>Lucien Febvre, <strong><em>Combats pour l\u2019Histoire<\/em><\/strong>, Paris 1953.<\/p>\n\n\n\n<hr class=\"wp-block-separator has-alpha-channel-opacity\"\/>\n\n\n\n<p><\/p>\n","protected":false},"excerpt":{"rendered":"","protected":false},"author":2,"featured_media":43938,"comment_status":"open","ping_status":"open","sticky":false,"template":"","format":"standard","meta":{"_acf_changed":false,"jetpack_post_was_ever_published":false,"_jetpack_newsletter_access":"","_jetpack_dont_email_post_to_subs":false,"_jetpack_newsletter_tier_id":0,"_jetpack_memberships_contains_paywalled_content":false,"_jetpack_memberships_contains_paid_content":false,"footnotes":"","jetpack_publicize_message":"","jetpack_publicize_feature_enabled":true,"jetpack_social_post_already_shared":true,"jetpack_social_options":{"image_generator_settings":{"template":"highway","default_image_id":0,"font":"","enabled":false},"version":2}},"categories":[3,11],"tags":[],"class_list":["post-43937","post","type-post","status-publish","format-standard","has-post-thumbnail","hentry","category-novosti","category-rubrike"],"acf":{"facebook_opis":""},"jetpack_publicize_connections":[],"jetpack_featured_media_url":"https:\/\/i0.wp.com\/historiografija.hr\/wp-content\/uploads\/2024\/12\/Febvre.jpg?fit=500%2C500&ssl=1","jetpack_sharing_enabled":true,"jetpack-related-posts":[],"_links":{"self":[{"href":"https:\/\/historiografija.hr\/index.php?rest_route=\/wp\/v2\/posts\/43937","targetHints":{"allow":["GET"]}}],"collection":[{"href":"https:\/\/historiografija.hr\/index.php?rest_route=\/wp\/v2\/posts"}],"about":[{"href":"https:\/\/historiografija.hr\/index.php?rest_route=\/wp\/v2\/types\/post"}],"author":[{"embeddable":true,"href":"https:\/\/historiografija.hr\/index.php?rest_route=\/wp\/v2\/users\/2"}],"replies":[{"embeddable":true,"href":"https:\/\/historiografija.hr\/index.php?rest_route=%2Fwp%2Fv2%2Fcomments&post=43937"}],"version-history":[{"count":3,"href":"https:\/\/historiografija.hr\/index.php?rest_route=\/wp\/v2\/posts\/43937\/revisions"}],"predecessor-version":[{"id":43941,"href":"https:\/\/historiografija.hr\/index.php?rest_route=\/wp\/v2\/posts\/43937\/revisions\/43941"}],"wp:featuredmedia":[{"embeddable":true,"href":"https:\/\/historiografija.hr\/index.php?rest_route=\/wp\/v2\/media\/43938"}],"wp:attachment":[{"href":"https:\/\/historiografija.hr\/index.php?rest_route=%2Fwp%2Fv2%2Fmedia&parent=43937"}],"wp:term":[{"taxonomy":"category","embeddable":true,"href":"https:\/\/historiografija.hr\/index.php?rest_route=%2Fwp%2Fv2%2Fcategories&post=43937"},{"taxonomy":"post_tag","embeddable":true,"href":"https:\/\/historiografija.hr\/index.php?rest_route=%2Fwp%2Fv2%2Ftags&post=43937"}],"curies":[{"name":"wp","href":"https:\/\/api.w.org\/{rel}","templated":true}]}}