{"id":43932,"date":"2024-12-14T20:26:07","date_gmt":"2024-12-14T20:26:07","guid":{"rendered":"https:\/\/historiografija.hr\/?p=43932"},"modified":"2024-12-14T20:26:36","modified_gmt":"2024-12-14T20:26:36","slug":"james-suzman-rad-od-prapovijesti-do-danas","status":"publish","type":"post","link":"https:\/\/historiografija.hr\/?p=43932","title":{"rendered":"James Suzman, \u201eRad: Od prapovijesti do danas\u201c"},"content":{"rendered":"\n<p>Posao kojim se bavimo daje nam smisao, oblikuje na\u0161e vrijednosti, odre\u0111uje nam dru\u0161tveni status i nala\u017ee kako \u0107emo provesti ve\u0107inu vremena. Ali nije uvijek bilo tako: u 95 posto povijesti na\u0161e vrste rad nije imao takvo zna\u010denje. Kako to da je onda postao sredi\u0161nji organizacijski princip na\u0161ih dru\u0161tava? I za\u0161to u doba materijalnog obilja radimo vi\u0161e nego ikad?&nbsp;&nbsp;<\/p>\n\n\n\n<p>Od po\u010detaka \u017eivota na Zemlji do sve automatiziranije sada\u0161njosti, istaknuti antropolog James Suzman na revolucionaran na\u010din prikazuje novu povijest \u010dovje\u010danstva kroz prizmu rada, dovode\u0107i u pitanje na\u0161e ukorijenjene predod\u017ebe o tome tko smo.&nbsp;<\/p>\n\n\n\n<hr class=\"wp-block-separator has-alpha-channel-opacity\"\/>\n\n\n\n<p><strong>Iz kritike:&nbsp;<\/strong>&nbsp;<\/p>\n\n\n\n<p>Gotovo bi se na svakoj stranici ne\u0161to moglo podcrtati.&nbsp;<\/p>\n\n\n\n<ul class=\"wp-block-list\">\n<li><strong>The Times<\/strong>\u00a0<\/li>\n<\/ul>\n\n\n\n<p>Tour de force.&nbsp;&nbsp;<\/p>\n\n\n\n<ul class=\"wp-block-list\">\n<li><strong>Adam Grant, autor me\u0111unarodnih uspje\u0161nica\u00a0\u00a0<\/strong>\u00a0<\/li>\n<\/ul>\n\n\n\n<p><strong><em>Daj i uzmi<\/em><\/strong><strong> i <em>Razmisli jo\u0161 jednom<\/em><\/strong>&nbsp;<\/p>\n\n\n\n<p>Prije je vladalo mi\u0161ljenje da bismo mogli raditi manje ako se obogatimo i ako rad bude automatiziraniji. Umjesto toga, radimo vi\u0161e\u2026 Nevjerojatna knjiga o tome za\u0161to i kako mo\u017eemo prekinuti taj krug.&nbsp;&nbsp;<\/p>\n\n\n\n<ul class=\"wp-block-list\">\n<li><strong>Ezra Klein, New York Times<\/strong>\u00a0<\/li>\n<\/ul>\n\n\n\n<hr class=\"wp-block-separator has-alpha-channel-opacity\"\/>\n\n\n\n<p><strong>O autoru:<\/strong>&nbsp;<\/p>\n\n\n\n<p><strong>James Suzman <\/strong>doktor je znanosti, antropolog specijaliziran za prou\u010davanje kojsanskih naroda ju\u017ene Afrike. Dobitnik stipendije Smuts Commonwealth za afri\u010dke studije na Sveu\u010dili\u0161tu u Cambridgeu, danas je na \u010delu kompanije Antropos Ltd., \u010dija je misija primjenjivanje antropolo\u0161kih metoda pri rje\u0161avanju suvremenih dru\u0161tvenih i ekonomskih problema. Autor je vi\u0161e znanstvenih i popularno-znanstvenih radova. \u017divi i radi u Cambridgeu.&nbsp;<\/p>\n\n\n\n<hr class=\"wp-block-separator has-alpha-channel-opacity\"\/>\n\n\n\n<p>Broj stranica: 385<\/p>\n\n\n\n<p>Godina izdanja: 2024.<\/p>\n\n\n\n<p>Prevoditelj: Svetlana Grubi\u0107 Samar\u017eija<\/p>\n\n\n\n<hr class=\"wp-block-separator has-alpha-channel-opacity\"\/>\n\n\n\n<p>Izvor:<\/p>\n\n\n\n<figure class=\"wp-block-embed is-type-wp-embed is-provider-petrine-knjige wp-block-embed-petrine-knjige\"><div class=\"wp-block-embed__wrapper\">\n<blockquote class=\"wp-embedded-content\" data-secret=\"Fk4RSIq0IO\"><a href=\"https:\/\/petrineknjige.hr\/product\/rad-od-prapovijesti-do-danas\/\">Rad: Od prapovijesti do danas<\/a><\/blockquote><iframe loading=\"lazy\" class=\"wp-embedded-content\" sandbox=\"allow-scripts\" security=\"restricted\" style=\"position: absolute; visibility: hidden;\" title=\"&#8220;Rad: Od prapovijesti do danas&#8221; &#8212; Petrine knjige\" src=\"https:\/\/petrineknjige.hr\/product\/rad-od-prapovijesti-do-danas\/embed\/#?secret=KXUkJWIRA3#?secret=Fk4RSIq0IO\" data-secret=\"Fk4RSIq0IO\" width=\"600\" height=\"338\" frameborder=\"0\" marginwidth=\"0\" marginheight=\"0\" scrolling=\"no\"><\/iframe>\n<\/div><\/figure>\n\n\n\n<hr class=\"wp-block-separator has-alpha-channel-opacity\"\/>\n","protected":false},"excerpt":{"rendered":"","protected":false},"author":2,"featured_media":43933,"comment_status":"open","ping_status":"open","sticky":false,"template":"","format":"standard","meta":{"_acf_changed":false,"jetpack_post_was_ever_published":false,"_jetpack_newsletter_access":"","_jetpack_dont_email_post_to_subs":false,"_jetpack_newsletter_tier_id":0,"_jetpack_memberships_contains_paywalled_content":false,"_jetpack_memberships_contains_paid_content":false,"footnotes":"","jetpack_publicize_message":"","jetpack_publicize_feature_enabled":true,"jetpack_social_post_already_shared":true,"jetpack_social_options":{"image_generator_settings":{"template":"highway","default_image_id":0,"font":"","enabled":false},"version":2}},"categories":[8,3],"tags":[],"class_list":["post-43932","post","type-post","status-publish","format-standard","has-post-thumbnail","hentry","category-knjige","category-novosti"],"acf":{"facebook_opis":""},"jetpack_publicize_connections":[],"jetpack_featured_media_url":"https:\/\/i0.wp.com\/historiografija.hr\/wp-content\/uploads\/2024\/12\/JS_Rad.jpg?fit=660%2C854&ssl=1","jetpack_sharing_enabled":true,"jetpack-related-posts":[],"_links":{"self":[{"href":"https:\/\/historiografija.hr\/index.php?rest_route=\/wp\/v2\/posts\/43932","targetHints":{"allow":["GET"]}}],"collection":[{"href":"https:\/\/historiografija.hr\/index.php?rest_route=\/wp\/v2\/posts"}],"about":[{"href":"https:\/\/historiografija.hr\/index.php?rest_route=\/wp\/v2\/types\/post"}],"author":[{"embeddable":true,"href":"https:\/\/historiografija.hr\/index.php?rest_route=\/wp\/v2\/users\/2"}],"replies":[{"embeddable":true,"href":"https:\/\/historiografija.hr\/index.php?rest_route=%2Fwp%2Fv2%2Fcomments&post=43932"}],"version-history":[{"count":3,"href":"https:\/\/historiografija.hr\/index.php?rest_route=\/wp\/v2\/posts\/43932\/revisions"}],"predecessor-version":[{"id":43936,"href":"https:\/\/historiografija.hr\/index.php?rest_route=\/wp\/v2\/posts\/43932\/revisions\/43936"}],"wp:featuredmedia":[{"embeddable":true,"href":"https:\/\/historiografija.hr\/index.php?rest_route=\/wp\/v2\/media\/43933"}],"wp:attachment":[{"href":"https:\/\/historiografija.hr\/index.php?rest_route=%2Fwp%2Fv2%2Fmedia&parent=43932"}],"wp:term":[{"taxonomy":"category","embeddable":true,"href":"https:\/\/historiografija.hr\/index.php?rest_route=%2Fwp%2Fv2%2Fcategories&post=43932"},{"taxonomy":"post_tag","embeddable":true,"href":"https:\/\/historiografija.hr\/index.php?rest_route=%2Fwp%2Fv2%2Ftags&post=43932"}],"curies":[{"name":"wp","href":"https:\/\/api.w.org\/{rel}","templated":true}]}}