{"id":43915,"date":"2024-12-13T17:49:39","date_gmt":"2024-12-13T17:49:39","guid":{"rendered":"https:\/\/historiografija.hr\/?p=43915"},"modified":"2024-12-13T17:51:47","modified_gmt":"2024-12-13T17:51:47","slug":"prijatelji-stari-gdje-ste-povijest-prijateljstva-hrvatskih-i-palestinskih-studenata","status":"publish","type":"post","link":"https:\/\/historiografija.hr\/?p=43915","title":{"rendered":"Prijatelji stari, gdje ste? Povijest prijateljstva hrvatskih i palestinskih studenata"},"content":{"rendered":"\n<p>Konferencijska dvorana Knji\u017enice Filozofskog fakulteta u Zagrebu<\/p>\n\n\n\n<p>Tko danas pamti Pokret nesvrstanih? Ili Me\u0111unarodni studentski klub prijateljstva? A odbojka\u0161ku pobjedu palestinskih studenata na Velesajmu?<\/p>\n\n\n\n<p>U \u010detvrtak, 12. prosinca 2024. u 17.30, na\u0161e \u0107e pam\u0107enje osvje\u017eiti Petra Mati\u0107, muzeologinja i kulturna aktivistkinja, i Mohammed Al Younis, prevoditelj i biv\u0161i \u010dlan Me\u0111unarodnog studentskog kluba prijateljstva.<\/p>\n\n\n\n<p>Petra Mati\u0107 u svom radu istra\u017euje naslje\u0111e Nesvrstanih, a kroz to i (neko\u0107 vrlo \u017eive) odnose hrvatskih studenata_ica s palestinskim kolegama_icama.<\/p>\n\n\n\n<p>Mohammed Al Younis porijekom je iz Jordana, a u Zagreb je do\u0161ao kao jedan od mnogih studenata iz dr\u017eava \u010dlanica Pokreta nesvrstanih.<\/p>\n\n\n\n<p>Prije razgovora pogledat \u0107emo film Petre Mati\u0107 &#8220;Grad koji ima mir&#8221;, prikazan na njenoj izlo\u017ebi &#8220;Nesvrstani Zagreb&#8221;.<\/p>\n\n\n\n<p>Do\u0111ite da zajedno u\u010dimo o povijesti, i inspiriramo se za budu\u0107nost!<\/p>\n\n\n\n<p>Studentice za Palestinu<\/p>\n\n\n\n<hr class=\"wp-block-separator has-alpha-channel-opacity\"\/>\n\n\n\n<p>Izvor:<\/p>\n\n\n\n<p><a href=\"https:\/\/www.facebook.com\/events\/596621732784092\">https:\/\/www.facebook.com\/events\/596621732784092<\/a><\/p>\n\n\n\n<p><a href=\"https:\/\/www.instagram.com\/studenticezapalestinu\">https:\/\/www.instagram.com\/studenticezapalestinu<\/a><\/p>\n\n\n\n<hr class=\"wp-block-separator has-alpha-channel-opacity\"\/>\n\n\n\n<p>Dodatne obavijesti:<\/p>\n\n\n\n<p><a href=\"https:\/\/radnickaprava.org\/tekstovi\/clanci\/studentske-veze-zagreba-i-palestine-prica-koja-traje-vec-64-godine\">https:\/\/radnickaprava.org\/tekstovi\/clanci\/studentske-veze-zagreba-i-palestine-prica-koja-traje-vec-64-godine<\/a><\/p>\n\n\n\n<hr class=\"wp-block-separator has-alpha-channel-opacity\"\/>\n","protected":false},"excerpt":{"rendered":"","protected":false},"author":2,"featured_media":43916,"comment_status":"open","ping_status":"open","sticky":false,"template":"","format":"standard","meta":{"_acf_changed":false,"jetpack_post_was_ever_published":false,"_jetpack_newsletter_access":"","_jetpack_dont_email_post_to_subs":false,"_jetpack_newsletter_tier_id":0,"_jetpack_memberships_contains_paywalled_content":false,"_jetpack_memberships_contains_paid_content":false,"footnotes":"","jetpack_publicize_message":"","jetpack_publicize_feature_enabled":true,"jetpack_social_post_already_shared":true,"jetpack_social_options":{"image_generator_settings":{"template":"highway","default_image_id":0,"font":"","enabled":false},"version":2}},"categories":[3],"tags":[],"class_list":["post-43915","post","type-post","status-publish","format-standard","has-post-thumbnail","hentry","category-novosti"],"acf":{"facebook_opis":""},"jetpack_publicize_connections":[],"jetpack_featured_media_url":"https:\/\/i0.wp.com\/historiografija.hr\/wp-content\/uploads\/2024\/12\/Prijatelji-stari.jpg?fit=1920%2C1080&ssl=1","jetpack_sharing_enabled":true,"jetpack-related-posts":[],"_links":{"self":[{"href":"https:\/\/historiografija.hr\/index.php?rest_route=\/wp\/v2\/posts\/43915","targetHints":{"allow":["GET"]}}],"collection":[{"href":"https:\/\/historiografija.hr\/index.php?rest_route=\/wp\/v2\/posts"}],"about":[{"href":"https:\/\/historiografija.hr\/index.php?rest_route=\/wp\/v2\/types\/post"}],"author":[{"embeddable":true,"href":"https:\/\/historiografija.hr\/index.php?rest_route=\/wp\/v2\/users\/2"}],"replies":[{"embeddable":true,"href":"https:\/\/historiografija.hr\/index.php?rest_route=%2Fwp%2Fv2%2Fcomments&post=43915"}],"version-history":[{"count":4,"href":"https:\/\/historiografija.hr\/index.php?rest_route=\/wp\/v2\/posts\/43915\/revisions"}],"predecessor-version":[{"id":43920,"href":"https:\/\/historiografija.hr\/index.php?rest_route=\/wp\/v2\/posts\/43915\/revisions\/43920"}],"wp:featuredmedia":[{"embeddable":true,"href":"https:\/\/historiografija.hr\/index.php?rest_route=\/wp\/v2\/media\/43916"}],"wp:attachment":[{"href":"https:\/\/historiografija.hr\/index.php?rest_route=%2Fwp%2Fv2%2Fmedia&parent=43915"}],"wp:term":[{"taxonomy":"category","embeddable":true,"href":"https:\/\/historiografija.hr\/index.php?rest_route=%2Fwp%2Fv2%2Fcategories&post=43915"},{"taxonomy":"post_tag","embeddable":true,"href":"https:\/\/historiografija.hr\/index.php?rest_route=%2Fwp%2Fv2%2Ftags&post=43915"}],"curies":[{"name":"wp","href":"https:\/\/api.w.org\/{rel}","templated":true}]}}