{"id":43913,"date":"2024-12-12T20:46:59","date_gmt":"2024-12-12T20:46:59","guid":{"rendered":"https:\/\/historiografija.hr\/?p=43913"},"modified":"2024-12-12T20:46:59","modified_gmt":"2024-12-12T20:46:59","slug":"predavanje-miljenka-hajdarovica-udzbenik-povijesti-u-hrvatskoj-od-kreacije-do-zabrane","status":"publish","type":"post","link":"https:\/\/historiografija.hr\/?p=43913","title":{"rendered":"Predavanje Miljenka Hajdarovi\u0107a \u201eUd\u017ebenik povijesti u Hrvatskoj \u2013 od kreacije do zabrane\u201c"},"content":{"rendered":"\n<p><strong>16. prosinca 2024, 18:00 \u2013 19:30h<\/strong><\/p>\n\n\n\n<p>Kako nastaje povijesni ud\u017ebenik? Koliko su slobodni autori da pi\u0161u ono \u0161to misle? Jeste li se ikad pitali za\u0161to neki ud\u017ebenici \u2018nestaju\u2019 iz na\u0161ih \u0161kola? Pisanje i odobravanje ud\u017ebenika nije samo akademski rad \u2013 to je slo\u017eeni proces gdje politika, znanost i obrazovne potrebe \u010desto dolaze u konflikt. Ova tema rijetko dolazi pod reflektore, iako utje\u010de na svakog u\u010denika i u\u010ditelja.<\/p>\n\n\n\n<p>Ud\u017ebenik je jedino obavezno nastavno sredstvo u hrvatskim osnovnim i srednjim \u0161kolama. Dr\u017eava odobrava ud\u017ebenike i propisuje \u0161to moraju sadr\u017eavati i kakvi moraju biti. Nakon uvo\u0111enja predmetnih kurikuluma novi ud\u017ebenici su u\u0161li u osnovne \u0161kole i gimnazije u razdoblju od 2018. do 2021.<\/p>\n\n\n\n<p>Cijeli proces nastanka ud\u017ebenika od njihovog pisanja do odobravanja i kori\u0161tenja u \u0161kolama nije dovoljno transparentan niti se itko potrudio objasniti proces javnosti. Zbog toga u javnosti postoje brojne nedoumice i krive interpretacije. Ud\u017ebenici povijesti su optere\u0107eni interesom dnevne politike i zbog toga su ve\u0107 desetlje\u0107ima boji\u0161nica izme\u0111u autoritarnosti, uskog gledanja kroz nacionalnu perspektivu i poku\u0161aja razvoja kriti\u010dkog mi\u0161ljenja. Predavanje se organizira povodom obljetnice zabrane ud\u017ebenika&nbsp;<em>Za\u0161to je povijest va\u017ena? 4<\/em>.<\/p>\n\n\n\n<p><a href=\"https:\/\/hajdarovic.com\/cv\/\" target=\"_blank\" rel=\"noreferrer noopener\"><strong>Miljenko Hajdarovi\u0107<\/strong><\/a>, biv\u0161i urednik i autor desetak ud\u017ebenika, priru\u010dnika i radnih bilje\u017enica \u0107e govoriti o:<\/p>\n\n\n\n<ul class=\"wp-block-list\">\n<li>prilagodbi zahtjeva kurikuluma Povijesti mogu\u0107nostima u\u010denika,<\/li>\n\n\n\n<li>okvirima dopu\u0161tenog, cenzuri i autocenzuri, te kontroverznim i osjetljivim temama,<\/li>\n\n\n\n<li>odabiru i radu s autorskim timom,<\/li>\n\n\n\n<li>autorskim pravima i dostupnim materijalima,<\/li>\n\n\n\n<li>rokovima,<\/li>\n\n\n\n<li>procesu odobravanja,<\/li>\n\n\n\n<li>uvo\u0111enju ud\u017ebenika u \u0161kole,<\/li>\n\n\n\n<li>reakcijama javnosti,<\/li>\n\n\n\n<li>te o zabrani ud\u017ebenika\u00a0<em>Za\u0161to je povijest va\u017ena? 4<\/em>.<\/li>\n<\/ul>\n\n\n\n<p>Pridru\u017eite se i otkrijte kako se povijesni ud\u017ebenici u Hrvatskoj oblikuju, i za\u0161to su toliko \u010desto predmet kontroverzi. Va\u0161e razumijevanje ovog procesa moglo bi promijeniti va\u0161e vi\u0111enje povijesti i obrazovanja.<\/p>\n\n\n\n<hr class=\"wp-block-separator has-alpha-channel-opacity\"\/>\n\n\n\n<p>Izvor:<\/p>\n\n\n\n<figure class=\"wp-block-embed is-type-wp-embed is-provider-clionaut-akademija wp-block-embed-clionaut-akademija\"><div class=\"wp-block-embed__wrapper\">\n<blockquote class=\"wp-embedded-content\" data-secret=\"B94Q8TSGa6\"><a href=\"https:\/\/povijest.net\/ca\/edukacija\/udzbenik-povijesti-u-hrvatskoj-od-kreacije-do-zabrane\/\">Ud\u017ebenik povijesti u Hrvatskoj \u2013 od kreacije do zabrane<\/a><\/blockquote><iframe loading=\"lazy\" class=\"wp-embedded-content\" sandbox=\"allow-scripts\" security=\"restricted\" style=\"position: absolute; visibility: hidden;\" title=\"&#8220;Ud\u017ebenik povijesti u Hrvatskoj \u2013 od kreacije do zabrane&#8221; &#8212; ClioNaut Akademija\" src=\"https:\/\/povijest.net\/ca\/edukacija\/udzbenik-povijesti-u-hrvatskoj-od-kreacije-do-zabrane\/embed\/#?secret=07wgBP8uGJ#?secret=B94Q8TSGa6\" data-secret=\"B94Q8TSGa6\" width=\"600\" height=\"338\" frameborder=\"0\" marginwidth=\"0\" marginheight=\"0\" scrolling=\"no\"><\/iframe>\n<\/div><\/figure>\n\n\n\n<hr class=\"wp-block-separator has-alpha-channel-opacity\"\/>\n","protected":false},"excerpt":{"rendered":"","protected":false},"author":2,"featured_media":38781,"comment_status":"open","ping_status":"open","sticky":false,"template":"","format":"standard","meta":{"_acf_changed":false,"jetpack_post_was_ever_published":false,"_jetpack_newsletter_access":"","_jetpack_dont_email_post_to_subs":false,"_jetpack_newsletter_tier_id":0,"_jetpack_memberships_contains_paywalled_content":false,"_jetpack_memberships_contains_paid_content":false,"footnotes":"","jetpack_publicize_message":"","jetpack_publicize_feature_enabled":true,"jetpack_social_post_already_shared":true,"jetpack_social_options":{"image_generator_settings":{"template":"highway","default_image_id":0,"font":"","enabled":false},"version":2}},"categories":[3],"tags":[],"class_list":["post-43913","post","type-post","status-publish","format-standard","has-post-thumbnail","hentry","category-novosti"],"acf":{"facebook_opis":""},"jetpack_publicize_connections":[],"jetpack_featured_media_url":"https:\/\/i0.wp.com\/historiografija.hr\/wp-content\/uploads\/2023\/12\/zabranjen_udzbenik.jpg?fit=937%2C527&ssl=1","jetpack_sharing_enabled":true,"jetpack-related-posts":[],"_links":{"self":[{"href":"https:\/\/historiografija.hr\/index.php?rest_route=\/wp\/v2\/posts\/43913","targetHints":{"allow":["GET"]}}],"collection":[{"href":"https:\/\/historiografija.hr\/index.php?rest_route=\/wp\/v2\/posts"}],"about":[{"href":"https:\/\/historiografija.hr\/index.php?rest_route=\/wp\/v2\/types\/post"}],"author":[{"embeddable":true,"href":"https:\/\/historiografija.hr\/index.php?rest_route=\/wp\/v2\/users\/2"}],"replies":[{"embeddable":true,"href":"https:\/\/historiografija.hr\/index.php?rest_route=%2Fwp%2Fv2%2Fcomments&post=43913"}],"version-history":[{"count":1,"href":"https:\/\/historiografija.hr\/index.php?rest_route=\/wp\/v2\/posts\/43913\/revisions"}],"predecessor-version":[{"id":43914,"href":"https:\/\/historiografija.hr\/index.php?rest_route=\/wp\/v2\/posts\/43913\/revisions\/43914"}],"wp:featuredmedia":[{"embeddable":true,"href":"https:\/\/historiografija.hr\/index.php?rest_route=\/wp\/v2\/media\/38781"}],"wp:attachment":[{"href":"https:\/\/historiografija.hr\/index.php?rest_route=%2Fwp%2Fv2%2Fmedia&parent=43913"}],"wp:term":[{"taxonomy":"category","embeddable":true,"href":"https:\/\/historiografija.hr\/index.php?rest_route=%2Fwp%2Fv2%2Fcategories&post=43913"},{"taxonomy":"post_tag","embeddable":true,"href":"https:\/\/historiografija.hr\/index.php?rest_route=%2Fwp%2Fv2%2Ftags&post=43913"}],"curies":[{"name":"wp","href":"https:\/\/api.w.org\/{rel}","templated":true}]}}