{"id":43905,"date":"2024-12-12T20:04:57","date_gmt":"2024-12-12T20:04:57","guid":{"rendered":"https:\/\/historiografija.hr\/?p=43905"},"modified":"2024-12-12T20:04:57","modified_gmt":"2024-12-12T20:04:57","slug":"odrzavanje-ii-medunarodnog-znanstvenog-skupa-intelektualna-povijest-i-hrvatska-historiografija-stanje-i-perspektive-na-fakultetu-hrvatskih-studija","status":"publish","type":"post","link":"https:\/\/historiografija.hr\/?p=43905","title":{"rendered":"Odr\u017eavanje II. me\u0111unarodnog znanstvenog skupa \u201eIntelektualna povijest i hrvatska historiografija: stanje i perspektive\u201c na Fakultetu hrvatskih studija"},"content":{"rendered":"\n<p>Na Fakultetu hrvatskih studija odr\u017eat \u0107e se 13. i 14. prosinca 2024. drugi me\u0111unarodni znanstveni skup \u201eIntelektualna povijest i hrvatska historiografija: stanje i perspektive\u201c u organizaciji Odsjeka za povijest, Znanstvenog zavoda i Doktorskog studija povijesti.<\/p>\n\n\n\n<p>Nakon uspje\u0161no odr\u017eanog i dobro posje\u0107enog prvog istoimenog me\u0111unarodnog znanstvenog skupa 2022. godine, smatrali smo da je otvoren prostor za nastavak. Me\u0111u glavnim ciljevima Znanstvenog i pripremnog odbora planiranog skupa je nastaviti dvogodi\u0161nji niz znanstvenih susreta o intelektualnoj povijesti te pokrenuti druge aktivnosti oko ove poddiscipline. Rije\u010d je o sve prisutnijoj poddisciplini u istra\u017eivanjima hrvatskih povjesni\u010dara, posebice u mla\u0111im generacijama. \u017delja je naglasiti razli\u010dite perspektive intelektualne povijesti, kako bi se dobio pregled mogu\u0107nosti poddiscipline unutar razli\u010ditih povijesnih razdoblja (i njihove specifi\u010dne logike), ali i u interdisciplinarnom kontekstu, kako bi se omogu\u0107ilo sudjelovanje znanstvenika i stru\u010dnjaka i iz drugih srodnih disciplina.<\/p>\n\n\n\n<p>Otvorenje skupa odr\u017eat \u0107e se u petak, 13. prosinca 2024., u 9 sati u dvorani Pula na Fakultetu hrvatskih studija. Nakon toga \u0107e uslijediti plenarna izlaganja pozvanih stranih stru\u010dnjaka i znanstvenika. Radni dio skupa odr\u017eat \u0107e se u dvorani Pula tijekom cijelog petka i u subotu (14. prosinca). Na ovom dvodnevnom znanstvenom skupu okupit \u0107e se 33 izlaga\u010da, od \u010dega \u0107e biti 4 plenarna izlaganja me\u0111unarodnih znanstvenika i 28 izlaganja doma\u0107ih znanstvenika i stru\u010dnjaka. Poseban dio skupa bit \u0107e posve\u0107en doktorandima i njihovim istra\u017eivanjima.<\/p>\n\n\n\n<p>Pozivamo sve zainteresirane da nam se pridru\u017ee!<\/p>\n\n\n\n<p><a href=\"https:\/\/www.fhs.unizg.hr\/_news\/44112\/Intelektualna%20povijest%20i%20hrvatska%20historiografija%20II.pdf\">Program<\/a><\/p>\n\n\n\n<p><a href=\"https:\/\/www.fhs.unizg.hr\/_news\/44112\/Plakat.pdf\">Plakat<\/a><\/p>\n\n\n\n<hr class=\"wp-block-separator has-alpha-channel-opacity\"\/>\n\n\n\n<p>Izvor:<\/p>\n\n\n\n<p><a href=\"https:\/\/www.fhs.unizg.hr\/obavijesti?@=21s3b#news_125014\">https:\/\/www.fhs.unizg.hr\/obavijesti?@=21s3b#news_125014<\/a><\/p>\n\n\n\n<hr class=\"wp-block-separator has-alpha-channel-opacity\"\/>\n","protected":false},"excerpt":{"rendered":"","protected":false},"author":2,"featured_media":43906,"comment_status":"open","ping_status":"open","sticky":false,"template":"","format":"standard","meta":{"_acf_changed":false,"jetpack_post_was_ever_published":false,"_jetpack_newsletter_access":"","_jetpack_dont_email_post_to_subs":false,"_jetpack_newsletter_tier_id":0,"_jetpack_memberships_contains_paywalled_content":false,"_jetpack_memberships_contains_paid_content":false,"footnotes":"","jetpack_publicize_message":"","jetpack_publicize_feature_enabled":true,"jetpack_social_post_already_shared":true,"jetpack_social_options":{"image_generator_settings":{"template":"highway","default_image_id":0,"font":"","enabled":false},"version":2}},"categories":[3,9],"tags":[],"class_list":["post-43905","post","type-post","status-publish","format-standard","has-post-thumbnail","hentry","category-novosti","category-skupovi"],"acf":{"facebook_opis":""},"jetpack_publicize_connections":[],"jetpack_featured_media_url":"https:\/\/i0.wp.com\/historiografija.hr\/wp-content\/uploads\/2024\/12\/Intelektualna_povijest.png?fit=383%2C516&ssl=1","jetpack_sharing_enabled":true,"jetpack-related-posts":[],"_links":{"self":[{"href":"https:\/\/historiografija.hr\/index.php?rest_route=\/wp\/v2\/posts\/43905","targetHints":{"allow":["GET"]}}],"collection":[{"href":"https:\/\/historiografija.hr\/index.php?rest_route=\/wp\/v2\/posts"}],"about":[{"href":"https:\/\/historiografija.hr\/index.php?rest_route=\/wp\/v2\/types\/post"}],"author":[{"embeddable":true,"href":"https:\/\/historiografija.hr\/index.php?rest_route=\/wp\/v2\/users\/2"}],"replies":[{"embeddable":true,"href":"https:\/\/historiografija.hr\/index.php?rest_route=%2Fwp%2Fv2%2Fcomments&post=43905"}],"version-history":[{"count":1,"href":"https:\/\/historiografija.hr\/index.php?rest_route=\/wp\/v2\/posts\/43905\/revisions"}],"predecessor-version":[{"id":43907,"href":"https:\/\/historiografija.hr\/index.php?rest_route=\/wp\/v2\/posts\/43905\/revisions\/43907"}],"wp:featuredmedia":[{"embeddable":true,"href":"https:\/\/historiografija.hr\/index.php?rest_route=\/wp\/v2\/media\/43906"}],"wp:attachment":[{"href":"https:\/\/historiografija.hr\/index.php?rest_route=%2Fwp%2Fv2%2Fmedia&parent=43905"}],"wp:term":[{"taxonomy":"category","embeddable":true,"href":"https:\/\/historiografija.hr\/index.php?rest_route=%2Fwp%2Fv2%2Fcategories&post=43905"},{"taxonomy":"post_tag","embeddable":true,"href":"https:\/\/historiografija.hr\/index.php?rest_route=%2Fwp%2Fv2%2Ftags&post=43905"}],"curies":[{"name":"wp","href":"https:\/\/api.w.org\/{rel}","templated":true}]}}