{"id":43902,"date":"2024-12-12T20:00:29","date_gmt":"2024-12-12T20:00:29","guid":{"rendered":"https:\/\/historiografija.hr\/?p=43902"},"modified":"2024-12-12T20:00:29","modified_gmt":"2024-12-12T20:00:29","slug":"odrzano-predstavljanje-knjige-marka-veselice-zov-savjesti-u-drustvu-hrvatskih-knjizevnika","status":"publish","type":"post","link":"https:\/\/historiografija.hr\/?p=43902","title":{"rendered":"Odr\u017eano predstavljanje knjige Marka Veselice \u201eZov savjesti\u201c u Dru\u0161tvu hrvatskih knji\u017eevnika"},"content":{"rendered":"\n<p>Dana 9. prosinca u prostorijama Dru\u0161tva hrvatskih knji\u017eevnika odr\u017eano je sve\u010dano predstavljanje knjige Marka Veselice <em>Zov savjesti.<\/em><\/p>\n\n\n\n<p>Prvo izdanje knjige, naslova <em>Zov savjesti iz hrvatskog Sibira<\/em>, objavljeno je 1990. godine, u vrijeme uspostave demokratskog poretka i stvaranja samostalne Republike Hrvatske. Doga\u0111aji su to i procesi u koje su ugra\u0111ena i desetlje\u0107a znanstvenog, visokoobrazovnog, intelektualnog, dru\u0161tvenog i politi\u010dkog djelovanja Marka Veselice, kao i preko jedanaest godina robijanja u zatvorima komunisti\u010dke Jugoslavije te \u017eivota na dru\u0161tvenim marginama, pod neprestanim nadzorom jugoslavenskih sigurnosnih slu\u017ebi. Drugo izdanje ove knjige priredila je k\u0107i Marka Veselice, Snje\u017eana Veselica Majhut. Nakladnici su Hrvatska sveu\u010dili\u0161na naklada te Udruga HVIDR-a Imotski, dok je urednica knjige Anita \u0160iki\u0107, dugogodi\u0161nja urednica i direktorica prvospomenute institucije. Knjiga je tiskana u prosincu 2023. godine, a recenzirali su ju ugledni hrvatski znanstvenici i intelektualci, Stjepan \u0106osi\u0107, Slaven Letica te Mato Artukovi\u0107. &nbsp;Spomenute knjige, koje se sastoje od razli\u010ditih sudskih dokumenata, ali i vrijednih popratnih studija, vjerno oslikavaju djelovanje Marka Veselice kao jednog od predvodnika hrvatskog nacionalno-liberalnog pokreta zvanog Hrvatsko prolje\u0107e te disidenta u drugoj polovici 1970-ih i po\u010detkom 1980-ih (iz prikaza doc. dr. sc. Wollfyja Kra\u0161i\u0107a, objavljenog u <em>Hrvatskoj reviji<\/em>, 2\/2024., str. 67-68.).<\/p>\n\n\n\n<p>Knjigu su predstavile spomenuta gospo\u0111a \u0160iki\u0107 te izv. prof. dr. sc. Veselica Majhut, zatim Dra\u017een Budi\u0161a, jedan od predvodnika studentskog pokreta 1971. godine, politi\u010dki zatvorenik, disident te dugogodi\u0161nji politi\u010dar u Republici Hrvatskoj i doc. dr. sc. Wollfy Kra\u0161i\u0107 s Odsjeka za demografiju i hrvatsko iseljeni\u0161tvo Fakulteta hrvatskih studija.<\/p>\n\n\n\n<p>Izvje\u0161taj s predstavljanja knjige prenijela je i sredi\u0161nja informativna emisija Hrvatske radiotelevizije, Dnevnik 2. Prilog se mo\u017ee pogledati na sljede\u0107oj poveznici: <a href=\"https:\/\/magazin.hrt.hr\/kultura\/djelo-zov-savjesti--11901855\">https:\/\/magazin.hrt.hr\/kultura\/djelo-zov-savjesti&#8211;11901855<\/a>&nbsp;.<\/p>\n\n\n\n<hr class=\"wp-block-separator has-alpha-channel-opacity\"\/>\n\n\n\n<p>Izvor:<\/p>\n\n\n\n<p><a href=\"https:\/\/www.fhs.unizg.hr\/obavijesti?@=21s2n#news_125014\">https:\/\/www.fhs.unizg.hr\/obavijesti?@=21s2n#news_125014<\/a><\/p>\n\n\n\n<hr class=\"wp-block-separator has-alpha-channel-opacity\"\/>\n","protected":false},"excerpt":{"rendered":"","protected":false},"author":2,"featured_media":43903,"comment_status":"open","ping_status":"open","sticky":false,"template":"","format":"standard","meta":{"_acf_changed":false,"jetpack_post_was_ever_published":false,"_jetpack_newsletter_access":"","_jetpack_dont_email_post_to_subs":false,"_jetpack_newsletter_tier_id":0,"_jetpack_memberships_contains_paywalled_content":false,"_jetpack_memberships_contains_paid_content":false,"footnotes":"","jetpack_publicize_message":"","jetpack_publicize_feature_enabled":true,"jetpack_social_post_already_shared":true,"jetpack_social_options":{"image_generator_settings":{"template":"highway","default_image_id":0,"font":"","enabled":false},"version":2}},"categories":[3],"tags":[],"class_list":["post-43902","post","type-post","status-publish","format-standard","has-post-thumbnail","hentry","category-novosti"],"acf":{"facebook_opis":""},"jetpack_publicize_connections":[],"jetpack_featured_media_url":"https:\/\/i0.wp.com\/historiografija.hr\/wp-content\/uploads\/2024\/12\/Veselica.jpg?fit=882%2C516&ssl=1","jetpack_sharing_enabled":true,"jetpack-related-posts":[],"_links":{"self":[{"href":"https:\/\/historiografija.hr\/index.php?rest_route=\/wp\/v2\/posts\/43902","targetHints":{"allow":["GET"]}}],"collection":[{"href":"https:\/\/historiografija.hr\/index.php?rest_route=\/wp\/v2\/posts"}],"about":[{"href":"https:\/\/historiografija.hr\/index.php?rest_route=\/wp\/v2\/types\/post"}],"author":[{"embeddable":true,"href":"https:\/\/historiografija.hr\/index.php?rest_route=\/wp\/v2\/users\/2"}],"replies":[{"embeddable":true,"href":"https:\/\/historiografija.hr\/index.php?rest_route=%2Fwp%2Fv2%2Fcomments&post=43902"}],"version-history":[{"count":1,"href":"https:\/\/historiografija.hr\/index.php?rest_route=\/wp\/v2\/posts\/43902\/revisions"}],"predecessor-version":[{"id":43904,"href":"https:\/\/historiografija.hr\/index.php?rest_route=\/wp\/v2\/posts\/43902\/revisions\/43904"}],"wp:featuredmedia":[{"embeddable":true,"href":"https:\/\/historiografija.hr\/index.php?rest_route=\/wp\/v2\/media\/43903"}],"wp:attachment":[{"href":"https:\/\/historiografija.hr\/index.php?rest_route=%2Fwp%2Fv2%2Fmedia&parent=43902"}],"wp:term":[{"taxonomy":"category","embeddable":true,"href":"https:\/\/historiografija.hr\/index.php?rest_route=%2Fwp%2Fv2%2Fcategories&post=43902"},{"taxonomy":"post_tag","embeddable":true,"href":"https:\/\/historiografija.hr\/index.php?rest_route=%2Fwp%2Fv2%2Ftags&post=43902"}],"curies":[{"name":"wp","href":"https:\/\/api.w.org\/{rel}","templated":true}]}}