{"id":43878,"date":"2024-12-11T22:01:17","date_gmt":"2024-12-11T22:01:17","guid":{"rendered":"https:\/\/historiografija.hr\/?p=43878"},"modified":"2024-12-11T22:01:17","modified_gmt":"2024-12-11T22:01:17","slug":"znanost-u-zaristu-predavanje-prof-dr-sc-vjere-katalinic-celebrity-i-mediji-u-19-stoljecu-slucaj-ekscentricne-pjevacice-ilme-de-murske","status":"publish","type":"post","link":"https:\/\/historiografija.hr\/?p=43878","title":{"rendered":"Znanost u \u017eari\u0161tu: Predavanje prof. dr. sc. Vjere Katalini\u0107 \u201eCelebrity\u00a0i mediji u 19. stolje\u0107u:\u00a0slu\u010daj ekscentri\u010dne pjeva\u010dice Ilme (de) Murske\u201c"},"content":{"rendered":"\n<p>Hrvatska akademija znanosti i umjetnosti organizira ciklus predavanja Znanost u \u017eari\u0161tu kojima je cilj na zanimljiv i pristupa\u010dan na\u010din predstaviti rezultate istra\u017eivanja njenih znanstveno-istra\u017eiva\u010dkih i muzejsko-galerijskih jedinica, a koji su jedinstveni u Hrvatskoj. U ponedjeljak 16. prosinca 2024. u 13 sati u Knji\u017enici Hrvatske akademije znanosti i umjetnosti u Zagrebu, Strossmayerov trg 14, predavanje&nbsp;<strong><em>Celebrity&nbsp;<\/em>i mediji u 19. stolje\u0107u:&nbsp;slu\u010daj ekscentri\u010dne pjeva\u010dice Ilme (de) Murske <\/strong>odr\u017eat \u0107e <strong>prof. dr. sc. Vjera Katalini\u0107,&nbsp;<\/strong>znanstvena savjetnica u trajnome zvanju, Odsjek za povijest hrvatske glazbe&nbsp;Zavoda za povijest hrvatske knji\u017eevnosti, kazali\u0161ta i glazbe HAZU.<\/p>\n\n\n\n<p>Kad govorimo o medijima u 19. stolje\u0107u, mislimo prvenstveno na novine i \u010dasopise, bilo one op\u0107enitog profila, ili pak specijalizirane (prvenstveno) za kulturu, uklju\u010duju\u0107i glazbu. Iako je tada status umjetni\u010dke glazbe uzdignut s onog zabavlja\u010dkog na razinu umjetni\u010dkog djela koje je prema romanti\u010darskoj estetici proizveo \u201egenij po bo\u017ejoj milosti\u201c, novinski su se napisi rijetko bavili analizom umjetni\u010dkog djela, dok su senzacionalisti\u010dki aspekti u novinskim tekstovima sve vi\u0161e prisutni prema drugoj polovici stolje\u0107a.<\/p>\n\n\n\n<p>Jedna od omiljenih \u017eurnalisti\u010dkih tema bila je Ilma (de) Murska (Ogulin, 1834. \u2013 M\u00fcnchen, 1889.), predstavnica prve generacije u Zagrebu glazbeno obrazovanih profesionalnih pjeva\u010dica. Nakon studija ubrzo se afirmirala u Europi kao vrsna interpretkinja virtuoznih sopranskih uloga, a potom i na ameri\u010dkom kontinentu, u Australiji i na Novome Zelandu. U institucionalnom smislu njezina je karijera obuhva\u0107ala i stalne ugovore s opernim ku\u0107ama, razne tipove gostovanja, ali je pokazala i poduzetni\u010dku crtu prihvativ\u0161i se uloge impresarie. U izlaganju \u0107e se predstaviti njezino djelovanje (privatno i javno) kao i medijski odjeci, dok je za vizualnu komponentu zaslu\u017ean bogat materijal u Odsjeku za povijest hrvatskoga kazali\u0161ta. Ne\u0107e nedostajati ni glazbenih ilustracija.<\/p>\n\n\n\n<p><strong>Vjera Katalini\u0107<\/strong>, muzikolog, diplomirala je i magistrirala na Sveu\u010dili\u0161tu u Zagrebu, a doktorirala na Sveu\u010dili\u0161tu u Be\u010du. Objavila je pet autorskih knjiga i 12 uredni\u010dkih, osam notnih izdanja te oko 250 znanstvenih i stru\u010dnih radova u europskim zemljama i SAD-u. Upraviteljica je Zavoda za povijest hrvatske knji\u017eevnosti, kazali\u0161ta i glazbe. Podru\u010dja istra\u017eivanja: glazbena kultura, migracije i umre\u017eavanje u 18. i 19. stolje\u0107u, glazbene zbirke u Hrvatskoj.<\/p>\n\n\n\n<hr class=\"wp-block-separator has-alpha-channel-opacity\"\/>\n\n\n\n<p>Izvor:<\/p>\n\n\n\n<figure class=\"wp-block-embed is-type-wp-embed is-provider-hazu wp-block-embed-hazu\"><div class=\"wp-block-embed__wrapper\">\n<blockquote class=\"wp-embedded-content\" data-secret=\"q5RLETWqUm\"><a href=\"https:\/\/www.info.hazu.hr\/events\/znanost-u-zaristu-predavanje-prof-dr-sc-vjera-katalinic-celebrity-i-mediji-u-19-stoljecu-slucaj-ekscentricne-pjevacice-ilme-de-murske\/\">Znanost u \u017eari\u0161tu: Predavanje prof. dr. sc. Vjere Katalini\u0107 Celebrity\u00a0i mediji u 19. stolje\u0107u:\u00a0slu\u010daj ekscentri\u010dne pjeva\u010dice Ilme (de) Murske<\/a><\/blockquote><iframe loading=\"lazy\" class=\"wp-embedded-content\" sandbox=\"allow-scripts\" security=\"restricted\" style=\"position: absolute; visibility: hidden;\" title=\"&#8220;Znanost u \u017eari\u0161tu: Predavanje prof. dr. sc. Vjere Katalini\u0107 Celebrity\u00a0i mediji u 19. stolje\u0107u:\u00a0slu\u010daj ekscentri\u010dne pjeva\u010dice Ilme (de) Murske&#8221; &#8212; HAZU\" src=\"https:\/\/www.info.hazu.hr\/events\/znanost-u-zaristu-predavanje-prof-dr-sc-vjera-katalinic-celebrity-i-mediji-u-19-stoljecu-slucaj-ekscentricne-pjevacice-ilme-de-murske\/embed\/#?secret=q5RLETWqUm\" data-secret=\"q5RLETWqUm\" width=\"600\" height=\"338\" frameborder=\"0\" marginwidth=\"0\" marginheight=\"0\" scrolling=\"no\"><\/iframe>\n<\/div><\/figure>\n\n\n\n<hr class=\"wp-block-separator has-alpha-channel-opacity\"\/>\n","protected":false},"excerpt":{"rendered":"","protected":false},"author":2,"featured_media":43879,"comment_status":"open","ping_status":"open","sticky":false,"template":"","format":"standard","meta":{"_acf_changed":false,"jetpack_post_was_ever_published":false,"_jetpack_newsletter_access":"","_jetpack_dont_email_post_to_subs":false,"_jetpack_newsletter_tier_id":0,"_jetpack_memberships_contains_paywalled_content":false,"_jetpack_memberships_contains_paid_content":false,"footnotes":"","jetpack_publicize_message":"","jetpack_publicize_feature_enabled":true,"jetpack_social_post_already_shared":true,"jetpack_social_options":{"image_generator_settings":{"template":"highway","default_image_id":0,"font":"","enabled":false},"version":2}},"categories":[3],"tags":[],"class_list":["post-43878","post","type-post","status-publish","format-standard","has-post-thumbnail","hentry","category-novosti"],"acf":{"facebook_opis":""},"jetpack_publicize_connections":[],"jetpack_featured_media_url":"https:\/\/i0.wp.com\/historiografija.hr\/wp-content\/uploads\/2024\/12\/Murska.jpg?fit=501%2C784&ssl=1","jetpack_sharing_enabled":true,"jetpack-related-posts":[],"_links":{"self":[{"href":"https:\/\/historiografija.hr\/index.php?rest_route=\/wp\/v2\/posts\/43878","targetHints":{"allow":["GET"]}}],"collection":[{"href":"https:\/\/historiografija.hr\/index.php?rest_route=\/wp\/v2\/posts"}],"about":[{"href":"https:\/\/historiografija.hr\/index.php?rest_route=\/wp\/v2\/types\/post"}],"author":[{"embeddable":true,"href":"https:\/\/historiografija.hr\/index.php?rest_route=\/wp\/v2\/users\/2"}],"replies":[{"embeddable":true,"href":"https:\/\/historiografija.hr\/index.php?rest_route=%2Fwp%2Fv2%2Fcomments&post=43878"}],"version-history":[{"count":1,"href":"https:\/\/historiografija.hr\/index.php?rest_route=\/wp\/v2\/posts\/43878\/revisions"}],"predecessor-version":[{"id":43880,"href":"https:\/\/historiografija.hr\/index.php?rest_route=\/wp\/v2\/posts\/43878\/revisions\/43880"}],"wp:featuredmedia":[{"embeddable":true,"href":"https:\/\/historiografija.hr\/index.php?rest_route=\/wp\/v2\/media\/43879"}],"wp:attachment":[{"href":"https:\/\/historiografija.hr\/index.php?rest_route=%2Fwp%2Fv2%2Fmedia&parent=43878"}],"wp:term":[{"taxonomy":"category","embeddable":true,"href":"https:\/\/historiografija.hr\/index.php?rest_route=%2Fwp%2Fv2%2Fcategories&post=43878"},{"taxonomy":"post_tag","embeddable":true,"href":"https:\/\/historiografija.hr\/index.php?rest_route=%2Fwp%2Fv2%2Ftags&post=43878"}],"curies":[{"name":"wp","href":"https:\/\/api.w.org\/{rel}","templated":true}]}}