{"id":43868,"date":"2024-12-11T21:50:57","date_gmt":"2024-12-11T21:50:57","guid":{"rendered":"https:\/\/historiografija.hr\/?p=43868"},"modified":"2024-12-11T21:52:39","modified_gmt":"2024-12-11T21:52:39","slug":"salmedin-mesihovic-drevni-grad-u-sredisnjoj-bosni","status":"publish","type":"post","link":"https:\/\/historiografija.hr\/?p=43868","title":{"rendered":"Salmedin Mesihovi\u0107, \u201eDrevni grad u sredi\u0161njoj Bosni\u201c"},"content":{"rendered":"\n<p>U okviru redovnih projektnih aktivnosti Centra za historijska istra\u017eivanja u decembru 2024. je\u00a0objavljena monografija &#8220;Drevni grad u sredi\u0161njoj Bosni&#8221; \u010diji je autor bosanskohercegova\u010dki histori\u010dar Salmedin Mesihovi\u0107. U knjizi se na temelju analize literarnih izvora, kasnoanti\u010dkih itinerara, tekstova uklesanih na epigrafskim spomenicima i arheolo\u0161kih nalaza nastoji locirati <em>Bistuensium<\/em> (Bistue, Bistua Nova). Rije\u010d je o va\u017enom naselju koje je bilo administrativno sredi\u0161te jednog od najve\u0107ih rimskih municipija u provinciji Dalmaciji.<\/p>\n\n\n\n<p>Knjiga je objavljena u okviru e-Izdava\u0161tva Univerzitet u Sarajevu &#8211; Filozofski fakultet i svi zainteresirani mogu je besplatno downloadati sa sljede\u0107eg linka:<\/p>\n\n\n\n<p><a href=\"https:\/\/ebooks.ff.unsa.ba\/index.php\/ebooks_ffunsa\/catalog\/book\/111\">https:\/\/ebooks.ff.unsa.ba\/index.php\/ebooks_ffunsa\/catalog\/book\/111<\/a><\/p>\n\n\n\n<p>KRATKI SADR\u017dAJ KNJIGE:<\/p>\n\n\n\n<p>U anti\u010dkoj topografiji prostora Bosne i Hercegovine zna\u010dajno mjesto zauzima fenomen postojanja naselja sa imenom Bistue, koje je bilo i urbani i upravni centar istoimene jedinice municipalne autonomije kao i sjedi\u0161te kasnoanti\u010dke istoimene episkopije. I bistuenski municipij i bestoenska episkopija su pod svojom nadle\u017enosti imali golemu teritoriju u sredi\u0161njoj Bosni. Od postojanju Bistue, njenog municipija i kasnije episkopije svjedo\u0107e prona\u0111eni epigrafski spomenici, itinerariji, kartografski prikazi, akti crkvenih sabora pa i do nedavno prisutna toponimija. Do danas nije postojao op\u0107eprihva\u0107eni konzensus o ubikaciji Bistue, pa ni o granicama municipija i episkopije. Uglavnom se Bistue locirala u Zenicu, Mo\u0161unj, Bugojno. Me\u0111utim, sude\u0107i po toponimu Bestovljani, koji se bio o\u010duvao do prvih godina Austro-ugarske okupacije, a na koji dosada\u0161nja istra\u017eivanja nisu obra\u0107ala dostatnu pa\u017enju, zona pru\u017eanja Bistue bi se mogla smjestiti detektirati izme\u0111u dana\u0161nje gradine Alihod\u017ee i Mo\u0161unja. Historijska konstrukcija postojanja Bistue bi se onda mogla tuma\u010diti na sljede\u0107i na\u010din. Gradina Alihod\u017ee je bila predrimska Bistue. U epohi klasi\u010dne civilizacija, naziv Bistue bi se odnosilo na naselje u Mo\u0161unju. U historijskim okolnosti kasne antike, naseobina bi se ponovo vratila na za\u0161ti\u0107enije podru\u010dje Alihod\u017ee, i u toj zoni Bestovljani \/ Pe\u0161tovi\u0107i i Alihod\u017ee bi se nalazilo i to episkopsko sjedi\u0161te bestoenske crkve.<\/p>\n\n\n\n<hr class=\"wp-block-separator has-alpha-channel-opacity\"\/>\n\n\n\n<p>Izvor:<\/p>\n\n\n\n<p><a href=\"https:\/\/historiografija.ba\/knjige\/bosna-i-hercegovina\/objavljena-knjiga-drevni-grad-u-sredisnjoj-bosni\">https:\/\/historiografija.ba\/knjige\/bosna-i-hercegovina\/objavljena-knjiga-drevni-grad-u-sredisnjoj-bosni<\/a><\/p>\n\n\n\n<hr class=\"wp-block-separator has-alpha-channel-opacity\"\/>\n","protected":false},"excerpt":{"rendered":"","protected":false},"author":2,"featured_media":43869,"comment_status":"open","ping_status":"open","sticky":false,"template":"","format":"standard","meta":{"_acf_changed":false,"jetpack_post_was_ever_published":false,"_jetpack_newsletter_access":"","_jetpack_dont_email_post_to_subs":false,"_jetpack_newsletter_tier_id":0,"_jetpack_memberships_contains_paywalled_content":false,"_jetpack_memberships_contains_paid_content":false,"footnotes":"","jetpack_publicize_message":"","jetpack_publicize_feature_enabled":true,"jetpack_social_post_already_shared":true,"jetpack_social_options":{"image_generator_settings":{"template":"highway","default_image_id":0,"font":"","enabled":false},"version":2}},"categories":[19,8,3],"tags":[],"class_list":["post-43868","post","type-post","status-publish","format-standard","has-post-thumbnail","hentry","category-e-knjige","category-knjige","category-novosti"],"acf":{"facebook_opis":""},"jetpack_publicize_connections":[],"jetpack_featured_media_url":"https:\/\/i0.wp.com\/historiografija.hr\/wp-content\/uploads\/2024\/12\/Drevni-grad.jpg?fit=263%2C400&ssl=1","jetpack_sharing_enabled":true,"jetpack-related-posts":[],"_links":{"self":[{"href":"https:\/\/historiografija.hr\/index.php?rest_route=\/wp\/v2\/posts\/43868","targetHints":{"allow":["GET"]}}],"collection":[{"href":"https:\/\/historiografija.hr\/index.php?rest_route=\/wp\/v2\/posts"}],"about":[{"href":"https:\/\/historiografija.hr\/index.php?rest_route=\/wp\/v2\/types\/post"}],"author":[{"embeddable":true,"href":"https:\/\/historiografija.hr\/index.php?rest_route=\/wp\/v2\/users\/2"}],"replies":[{"embeddable":true,"href":"https:\/\/historiografija.hr\/index.php?rest_route=%2Fwp%2Fv2%2Fcomments&post=43868"}],"version-history":[{"count":3,"href":"https:\/\/historiografija.hr\/index.php?rest_route=\/wp\/v2\/posts\/43868\/revisions"}],"predecessor-version":[{"id":43872,"href":"https:\/\/historiografija.hr\/index.php?rest_route=\/wp\/v2\/posts\/43868\/revisions\/43872"}],"wp:featuredmedia":[{"embeddable":true,"href":"https:\/\/historiografija.hr\/index.php?rest_route=\/wp\/v2\/media\/43869"}],"wp:attachment":[{"href":"https:\/\/historiografija.hr\/index.php?rest_route=%2Fwp%2Fv2%2Fmedia&parent=43868"}],"wp:term":[{"taxonomy":"category","embeddable":true,"href":"https:\/\/historiografija.hr\/index.php?rest_route=%2Fwp%2Fv2%2Fcategories&post=43868"},{"taxonomy":"post_tag","embeddable":true,"href":"https:\/\/historiografija.hr\/index.php?rest_route=%2Fwp%2Fv2%2Ftags&post=43868"}],"curies":[{"name":"wp","href":"https:\/\/api.w.org\/{rel}","templated":true}]}}