{"id":43858,"date":"2024-12-11T21:43:08","date_gmt":"2024-12-11T21:43:08","guid":{"rendered":"https:\/\/historiografija.hr\/?p=43858"},"modified":"2024-12-11T21:45:36","modified_gmt":"2024-12-11T21:45:36","slug":"okrugli-stol-monumenta-votiva-dalmatiae","status":"publish","type":"post","link":"https:\/\/historiografija.hr\/?p=43858","title":{"rendered":"Okrugli stol \u201eMonumenta votiva Dalmatiae\u201c"},"content":{"rendered":"\n<p>\u010clanovi istra\u017eiva\u010dke skupine projekta \u201cIzme\u0111u bogova i ljudi\u201d odr\u017eat \u0107e okrugli stol \u201eMonumenta votiva Dalmatiae\u201c u petak, 13. prosinca 2024. u Konferencijskoj dvorani Filozofskog fakulteta u Zagrebu.<\/p>\n\n\n\n<hr class=\"wp-block-separator has-alpha-channel-opacity\"\/>\n\n\n\n<p>Program:<\/p>\n\n\n\n<figure class=\"wp-block-image size-large\"><img data-recalc-dims=\"1\" loading=\"lazy\" decoding=\"async\" width=\"714\" height=\"1024\" data-attachment-id=\"43859\" data-permalink=\"https:\/\/historiografija.hr\/?attachment_id=43859\" data-orig-file=\"https:\/\/i0.wp.com\/historiografija.hr\/wp-content\/uploads\/2024\/12\/Program.jpg?fit=1116%2C1600&amp;ssl=1\" data-orig-size=\"1116,1600\" data-comments-opened=\"1\" data-image-meta=\"{&quot;aperture&quot;:&quot;0&quot;,&quot;credit&quot;:&quot;&quot;,&quot;camera&quot;:&quot;&quot;,&quot;caption&quot;:&quot;&quot;,&quot;created_timestamp&quot;:&quot;0&quot;,&quot;copyright&quot;:&quot;&quot;,&quot;focal_length&quot;:&quot;0&quot;,&quot;iso&quot;:&quot;0&quot;,&quot;shutter_speed&quot;:&quot;0&quot;,&quot;title&quot;:&quot;&quot;,&quot;orientation&quot;:&quot;1&quot;}\" data-image-title=\"Program\" data-image-description=\"\" data-image-caption=\"\" data-large-file=\"https:\/\/i0.wp.com\/historiografija.hr\/wp-content\/uploads\/2024\/12\/Program.jpg?fit=714%2C1024&amp;ssl=1\" src=\"https:\/\/i0.wp.com\/historiografija.hr\/wp-content\/uploads\/2024\/12\/Program.jpg?resize=714%2C1024&#038;ssl=1\" alt=\"\" class=\"wp-image-43859\" srcset=\"https:\/\/i0.wp.com\/historiografija.hr\/wp-content\/uploads\/2024\/12\/Program.jpg?resize=714%2C1024&amp;ssl=1 714w, https:\/\/i0.wp.com\/historiografija.hr\/wp-content\/uploads\/2024\/12\/Program.jpg?resize=209%2C300&amp;ssl=1 209w, https:\/\/i0.wp.com\/historiografija.hr\/wp-content\/uploads\/2024\/12\/Program.jpg?resize=768%2C1101&amp;ssl=1 768w, https:\/\/i0.wp.com\/historiografija.hr\/wp-content\/uploads\/2024\/12\/Program.jpg?resize=1071%2C1536&amp;ssl=1 1071w, https:\/\/i0.wp.com\/historiografija.hr\/wp-content\/uploads\/2024\/12\/Program.jpg?w=1116&amp;ssl=1 1116w\" sizes=\"auto, (max-width: 714px) 100vw, 714px\" \/><\/figure>\n\n\n\n<p>Izvor:<\/p>\n\n\n\n<p><a href=\"https:\/\/cisp.ffzg.unizg.hr\">https:\/\/cisp.ffzg.unizg.hr<\/a><\/p>\n\n\n\n<hr class=\"wp-block-separator has-alpha-channel-opacity\"\/>\n","protected":false},"excerpt":{"rendered":"","protected":false},"author":2,"featured_media":43862,"comment_status":"open","ping_status":"open","sticky":false,"template":"","format":"standard","meta":{"_acf_changed":false,"jetpack_post_was_ever_published":false,"_jetpack_newsletter_access":"","_jetpack_dont_email_post_to_subs":false,"_jetpack_newsletter_tier_id":0,"_jetpack_memberships_contains_paywalled_content":false,"_jetpack_memberships_contains_paid_content":false,"footnotes":"","jetpack_publicize_message":"","jetpack_publicize_feature_enabled":true,"jetpack_social_post_already_shared":true,"jetpack_social_options":{"image_generator_settings":{"template":"highway","default_image_id":0,"font":"","enabled":false},"version":2}},"categories":[3,9],"tags":[],"class_list":["post-43858","post","type-post","status-publish","format-standard","has-post-thumbnail","hentry","category-novosti","category-skupovi"],"acf":{"facebook_opis":""},"jetpack_publicize_connections":[],"jetpack_featured_media_url":"https:\/\/i0.wp.com\/historiografija.hr\/wp-content\/uploads\/2024\/12\/Okrugli-stol.jpg?fit=1106%2C1600&ssl=1","jetpack_sharing_enabled":true,"jetpack-related-posts":[],"_links":{"self":[{"href":"https:\/\/historiografija.hr\/index.php?rest_route=\/wp\/v2\/posts\/43858","targetHints":{"allow":["GET"]}}],"collection":[{"href":"https:\/\/historiografija.hr\/index.php?rest_route=\/wp\/v2\/posts"}],"about":[{"href":"https:\/\/historiografija.hr\/index.php?rest_route=\/wp\/v2\/types\/post"}],"author":[{"embeddable":true,"href":"https:\/\/historiografija.hr\/index.php?rest_route=\/wp\/v2\/users\/2"}],"replies":[{"embeddable":true,"href":"https:\/\/historiografija.hr\/index.php?rest_route=%2Fwp%2Fv2%2Fcomments&post=43858"}],"version-history":[{"count":6,"href":"https:\/\/historiografija.hr\/index.php?rest_route=\/wp\/v2\/posts\/43858\/revisions"}],"predecessor-version":[{"id":43866,"href":"https:\/\/historiografija.hr\/index.php?rest_route=\/wp\/v2\/posts\/43858\/revisions\/43866"}],"wp:featuredmedia":[{"embeddable":true,"href":"https:\/\/historiografija.hr\/index.php?rest_route=\/wp\/v2\/media\/43862"}],"wp:attachment":[{"href":"https:\/\/historiografija.hr\/index.php?rest_route=%2Fwp%2Fv2%2Fmedia&parent=43858"}],"wp:term":[{"taxonomy":"category","embeddable":true,"href":"https:\/\/historiografija.hr\/index.php?rest_route=%2Fwp%2Fv2%2Fcategories&post=43858"},{"taxonomy":"post_tag","embeddable":true,"href":"https:\/\/historiografija.hr\/index.php?rest_route=%2Fwp%2Fv2%2Ftags&post=43858"}],"curies":[{"name":"wp","href":"https:\/\/api.w.org\/{rel}","templated":true}]}}