{"id":43848,"date":"2024-12-10T19:56:55","date_gmt":"2024-12-10T19:56:55","guid":{"rendered":"http:\/\/historiografija.hr\/?p=43848"},"modified":"2024-12-10T19:57:58","modified_gmt":"2024-12-10T19:57:58","slug":"predstavljanje-zbornika-zene-u-o-umjetnosti-zbornik-dana-cvita-fiskovica-ix","status":"publish","type":"post","link":"https:\/\/historiografija.hr\/?p=43848","title":{"rendered":"Predstavljanje zbornika \u017dene u\/o umjetnosti &#8211; Zbornik Dana Cvita Fiskovi\u0107a IX."},"content":{"rendered":"\n<p>Nedjelja, 15. prosinca 2024., 11:00 \u2013 12:30<\/p>\n\n\n\n<p>Art Zagreb, Dom HDLU<\/p>\n\n\n\n<p>Tijekom povijesti \u017eene su na razli\u010dite na\u010dine aktivno sudjelovale u stvaranju, \u010duvanju i vrednovanju djela likovnih i drugih umjetnosti te arhitekture, i to kao autorice, naru\u010diteljice, kolekcionarke, kustosice, restauratorice i konzervatorice, povjesni\u010darke i teoreti\u010darke. Tako\u0111er, specifi\u010dno su za njih kreirani prostori i zdanja, likovna, knji\u017eevna i glazbena djela. Unato\u010d tome, uz iznimku nekoliko pionirskih studija, uloga \u017eene u umjetni\u010dkoj kreaciji \u010desto je ostajala neprepoznata ili je bila namjerno marginalizirana u znanstvenom istra\u017eivanju podru\u010dja jugoisto\u010dne Europe. Ovaj zbornik, pored toga \u0161to nudi uvid u stanje istra\u017eivanja u tre\u0107em desetlje\u0107u 21. stolje\u0107a, pokazuje dugoro\u010dnu relevantnost istra\u017eivanja \u017eenskih iskustava vezanih za umjetnost i arhitekturu u jugoisto\u010dnoj Europi, i to u \u0161iroko postavljenom vremenskom rasponu od srednjovjekovlja do suvremenosti te daje poticaj za razmatranje novih pristupa i priloga ovoj temi.<\/p>\n\n\n\n<p>Zbornik <em>\u017dene u\/o umjetnosti<\/em> proiza\u0161ao je iz izlaganja sa znanstvenog skupa XVII. Dani Cvita Fiskovi\u0107a odr\u017eanog u listopadu 2021. u Imotskom, u organizaciji Odsjeka za povijest umjetnosti Filozofskog fakulteta Sveu\u010dili\u0161ta u Zagrebu i Dru\u0161tva povjesni\u010dara umjetnosti Hrvatske.<\/p>\n\n\n\n<p>Zbornik \u0107e predstaviti Ljerka Dulibi\u0107,\u00a0Ivana Mance Cipek, Darija Alujevi\u0107 i Tamara Bja\u017ei\u0107 Klarin te urednice Jasenka Gudelj i Ana Marinkovi\u0107.<\/p>\n\n\n\n<hr class=\"wp-block-separator\"\/>\n\n\n\n<p>Izvor i dodatne obavijesti:<\/p>\n\n\n\n<p><a href=\"http:\/\/www.dpuh.hr\/\">http:\/\/www.dpuh.hr\/<\/a><\/p>\n\n\n\n<hr class=\"wp-block-separator\"\/>\n\n\n\n<p>Zbornik je dostupan u otvorenom pristupu:<\/p>\n\n\n\n<p><a href=\"https:\/\/openbooks.ffzg.unizg.hr\/index.php\/FFpress\/catalog\/book\/178\">https:\/\/openbooks.ffzg.unizg.hr\/index.php\/FFpress\/catalog\/book\/178<\/a><\/p>\n\n\n\n<hr class=\"wp-block-separator\"\/>\n","protected":false},"excerpt":{"rendered":"","protected":false},"author":2,"featured_media":43849,"comment_status":"open","ping_status":"open","sticky":false,"template":"","format":"standard","meta":{"_acf_changed":false,"jetpack_post_was_ever_published":false,"_jetpack_newsletter_access":"","_jetpack_dont_email_post_to_subs":false,"_jetpack_newsletter_tier_id":0,"_jetpack_memberships_contains_paywalled_content":false,"_jetpack_memberships_contains_paid_content":false,"footnotes":"","jetpack_publicize_message":"","jetpack_publicize_feature_enabled":true,"jetpack_social_post_already_shared":true,"jetpack_social_options":{"image_generator_settings":{"template":"highway","default_image_id":0,"font":"","enabled":false},"version":2}},"categories":[19,3],"tags":[],"class_list":["post-43848","post","type-post","status-publish","format-standard","has-post-thumbnail","hentry","category-e-knjige","category-novosti"],"acf":{"facebook_opis":""},"jetpack_publicize_connections":[],"jetpack_featured_media_url":"https:\/\/i0.wp.com\/historiografija.hr\/wp-content\/uploads\/2024\/12\/%C5%BDene_u_umjetnosti.jpg?fit=532%2C700&ssl=1","jetpack_sharing_enabled":true,"jetpack-related-posts":[],"_links":{"self":[{"href":"https:\/\/historiografija.hr\/index.php?rest_route=\/wp\/v2\/posts\/43848","targetHints":{"allow":["GET"]}}],"collection":[{"href":"https:\/\/historiografija.hr\/index.php?rest_route=\/wp\/v2\/posts"}],"about":[{"href":"https:\/\/historiografija.hr\/index.php?rest_route=\/wp\/v2\/types\/post"}],"author":[{"embeddable":true,"href":"https:\/\/historiografija.hr\/index.php?rest_route=\/wp\/v2\/users\/2"}],"replies":[{"embeddable":true,"href":"https:\/\/historiografija.hr\/index.php?rest_route=%2Fwp%2Fv2%2Fcomments&post=43848"}],"version-history":[{"count":2,"href":"https:\/\/historiografija.hr\/index.php?rest_route=\/wp\/v2\/posts\/43848\/revisions"}],"predecessor-version":[{"id":43851,"href":"https:\/\/historiografija.hr\/index.php?rest_route=\/wp\/v2\/posts\/43848\/revisions\/43851"}],"wp:featuredmedia":[{"embeddable":true,"href":"https:\/\/historiografija.hr\/index.php?rest_route=\/wp\/v2\/media\/43849"}],"wp:attachment":[{"href":"https:\/\/historiografija.hr\/index.php?rest_route=%2Fwp%2Fv2%2Fmedia&parent=43848"}],"wp:term":[{"taxonomy":"category","embeddable":true,"href":"https:\/\/historiografija.hr\/index.php?rest_route=%2Fwp%2Fv2%2Fcategories&post=43848"},{"taxonomy":"post_tag","embeddable":true,"href":"https:\/\/historiografija.hr\/index.php?rest_route=%2Fwp%2Fv2%2Ftags&post=43848"}],"curies":[{"name":"wp","href":"https:\/\/api.w.org\/{rel}","templated":true}]}}