{"id":43845,"date":"2024-12-10T19:49:44","date_gmt":"2024-12-10T19:49:44","guid":{"rendered":"http:\/\/historiografija.hr\/?p=43845"},"modified":"2024-12-10T19:49:44","modified_gmt":"2024-12-10T19:49:44","slug":"premijera-digitalno-restauriranih-filmova-aleskandra-f-stasenka","status":"publish","type":"post","link":"https:\/\/historiografija.hr\/?p=43845","title":{"rendered":"Premijera digitalno restauriranih filmova Aleskandra F. Stasenka"},"content":{"rendered":"\n<p>U ponedjeljak, 16. 12., u 20 sati u Kinoteci Zlatna vrata, u Splitu odr\u017eat \u0107e se premijera tri digitalno restaurirana kratka filma redatelja Aleksandra F. Stasenka \u010diju je restauraciju ove godine provela Hrvatska kinoteka Hrvatskog dr\u017eavnog arhiva. Restauraciju je omogu\u0107ila inicijativa Sezona klasi\u010dnih filmova Europskog udru\u017eenja filmskih arhiva (ACE).<\/p>\n\n\n\n<p>Projekt je realiziran uz potporu potprograma MEDIA u sklopu programu Kreativna Europa.<\/p>\n\n\n\n<p>Splitski autor Aleksandar F. Stasenko (1933.-1990.) jedinstvena je figura hrvatske kinematografije. Ovaj sin ukrajinskog emigranta i diplomirani in\u017eenjer elektrotehnike snimio je 23 kratkometra\u017ena filma (11 amaterskih i 12 u profesionalnoj produkciji), a cijeli njegov opus pro\u017eet je temama nostalgije, osamljenosti i ljudske upornosti. Kao redatelj, scenarist, monta\u017eer, a na filmovima iz amaterske faze i snimatelj, Stasenko je u svojim prikazima dalmatinskog te\u017ea\u010dkog \u017eivota u nestajanju vizualnu poeziju gradio kroz dosljednu upotrebu krupnih planova i fascinantan monta\u017eni ritam.<\/p>\n\n\n\n<p>U programu \u0107e biti prikazana tri digitalno restaurirana filma:<\/p>\n\n\n\n<p>PUT, 1977., dokumentarni, 17 min.<\/p>\n\n\n\n<p>Pripadnici obitelji Rodi\u0107 sedam godina, bez i\u010dije pomo\u0107i, grade cestu kroz kamenjar do mosorskog zaselka Rodi\u0107i.<\/p>\n\n\n\n<p>SVE GODINE U JEDNOJ NO\u0106I, 1980., igrani, 30 min.<\/p>\n\n\n\n<p>Starica se pred smrt prisje\u0107a svojeg \u017eivota, ispunjenog \u010dekanjem na povratak mu\u017ea, a zatim i sina.<\/p>\n\n\n\n<p>POSLIJE POTOPA, 1985., dokumentarni, 18 min.<\/p>\n\n\n\n<p>Samotni \u017eivot staraca sela Garjak u Dalmatinskoj zagori nakon \u0161to je njihov kraj poplavljen umjetnim jezerom Peru\u0107a.<\/p>\n\n\n\n<p>Restauracija u rezoluciji 2K provedena je u studiju Ater u Zagrebu, uz kori\u0161tenje izvornih materijala prve generacije \u2013 originalnih negativa i ton negativa digitaliziranih u Hrvatskoj kinoteci.<\/p>\n\n\n\n<p>Uvodnu rije\u010d prije projekcije odr\u017eat \u0107e Vjeran Pavlini\u0107, voditelj projekta restauracije, Juraj Kuko\u010d, filmolog iz Hrvatske kinoteke i redateljev sin Fjodor A. Stasenko.<\/p>\n\n\n\n<hr class=\"wp-block-separator\"\/>\n\n\n\n<p>Izvor:<\/p>\n\n\n\n<p><a href=\"http:\/\/www.arhiv.hr\/hr-hr\/Kulturno-prosvjetne-aktivnosti\/ArticleId\/1852\/oamid\/1633\">http:\/\/www.arhiv.hr\/hr-hr\/Kulturno-prosvjetne-aktivnosti\/ArticleId\/1852\/oamid\/1633<\/a><\/p>\n\n\n\n<hr class=\"wp-block-separator\"\/>\n","protected":false},"excerpt":{"rendered":"","protected":false},"author":2,"featured_media":43846,"comment_status":"open","ping_status":"open","sticky":false,"template":"","format":"standard","meta":{"_acf_changed":false,"jetpack_post_was_ever_published":false,"_jetpack_newsletter_access":"","_jetpack_dont_email_post_to_subs":false,"_jetpack_newsletter_tier_id":0,"_jetpack_memberships_contains_paywalled_content":false,"_jetpack_memberships_contains_paid_content":false,"footnotes":"","jetpack_publicize_message":"","jetpack_publicize_feature_enabled":true,"jetpack_social_post_already_shared":true,"jetpack_social_options":{"image_generator_settings":{"template":"highway","default_image_id":0,"font":"","enabled":false},"version":2}},"categories":[13,3],"tags":[],"class_list":["post-43845","post","type-post","status-publish","format-standard","has-post-thumbnail","hentry","category-filmovi-i-serije","category-novosti"],"acf":{"facebook_opis":""},"jetpack_publicize_connections":[],"jetpack_featured_media_url":"https:\/\/i0.wp.com\/historiografija.hr\/wp-content\/uploads\/2024\/12\/Stasenko.jpg?fit=500%2C500&ssl=1","jetpack_sharing_enabled":true,"jetpack-related-posts":[],"_links":{"self":[{"href":"https:\/\/historiografija.hr\/index.php?rest_route=\/wp\/v2\/posts\/43845","targetHints":{"allow":["GET"]}}],"collection":[{"href":"https:\/\/historiografija.hr\/index.php?rest_route=\/wp\/v2\/posts"}],"about":[{"href":"https:\/\/historiografija.hr\/index.php?rest_route=\/wp\/v2\/types\/post"}],"author":[{"embeddable":true,"href":"https:\/\/historiografija.hr\/index.php?rest_route=\/wp\/v2\/users\/2"}],"replies":[{"embeddable":true,"href":"https:\/\/historiografija.hr\/index.php?rest_route=%2Fwp%2Fv2%2Fcomments&post=43845"}],"version-history":[{"count":1,"href":"https:\/\/historiografija.hr\/index.php?rest_route=\/wp\/v2\/posts\/43845\/revisions"}],"predecessor-version":[{"id":43847,"href":"https:\/\/historiografija.hr\/index.php?rest_route=\/wp\/v2\/posts\/43845\/revisions\/43847"}],"wp:featuredmedia":[{"embeddable":true,"href":"https:\/\/historiografija.hr\/index.php?rest_route=\/wp\/v2\/media\/43846"}],"wp:attachment":[{"href":"https:\/\/historiografija.hr\/index.php?rest_route=%2Fwp%2Fv2%2Fmedia&parent=43845"}],"wp:term":[{"taxonomy":"category","embeddable":true,"href":"https:\/\/historiografija.hr\/index.php?rest_route=%2Fwp%2Fv2%2Fcategories&post=43845"},{"taxonomy":"post_tag","embeddable":true,"href":"https:\/\/historiografija.hr\/index.php?rest_route=%2Fwp%2Fv2%2Ftags&post=43845"}],"curies":[{"name":"wp","href":"https:\/\/api.w.org\/{rel}","templated":true}]}}