{"id":43843,"date":"2024-12-10T19:44:56","date_gmt":"2024-12-10T19:44:56","guid":{"rendered":"http:\/\/historiografija.hr\/?p=43843"},"modified":"2024-12-10T19:44:56","modified_gmt":"2024-12-10T19:44:56","slug":"odrzano-javno-predstavljanje-projekta-erc-a-pravo-na-stan-proizvodnja-prostora-svakodnevnog-zivljenja-u-jugoslaviji-1945-1991","status":"publish","type":"post","link":"https:\/\/historiografija.hr\/?p=43843","title":{"rendered":"Odr\u017eano javno predstavljanje projekta ERC-a \u201ePravo na stan: proizvodnja prostora svakodnevnog \u017eivljenja u Jugoslaviji (1945.\u20131991.)\u201c"},"content":{"rendered":"\n<p>Javno predstavljanje projekta \u201ePravo na stan: proizvodnja prostora svakodnevnog \u017eivljenja u Jugoslaviji (1945. \u2013 1991.)\u201c voditeljice dr. sc. Tamare Bja\u017ei\u0107 Klarin, koji je podr\u017ean od Europskoga istra\u017eiva\u010dkog vije\u0107a (ERC), odr\u017eano je na podestu Instituta za povijest umjetnosti u ponedjeljak, 9. prosinca 2024. godine.<\/p>\n\n\n\n<p>Uvodne rije\u010di uputile su dr. sc. Katarina Horvat-Levaj, ravnateljica Instituta i Doris Jozi\u0107, predstavnica Ministarstva znanosti, obrazovanja i mladih RH te \u010dlanica Upravnog vije\u0107a Instituta. U predstavljanju koje je moderirao dr. sc. Petar Prelog sudjelovala je dr. sc. Tamara Bja\u017ei\u0107 Klarin, voditeljica projekta, te \u010dlanice projektnog tima dr. sc. Ljiljana Kole\u0161nik, dr. sc. Lidija Butkovi\u0107 Mi\u0107in, dr. sc. Martina Male\u0161i\u010d i Irena \u0160imi\u0107.<\/p>\n\n\n\n<p>Tijekom predstavljanja istaknuto je da je ERC u okviru programa Obzora Europa jedan od najkonkurentnijih programa financiranja istra\u017eiva\u010dkih projekata, namijenjenih iskusnim znanstvenicima. Ujedno, projekt Housing.Yu prvi je hrvatski projekt dobitnik ERC-a u podru\u010dju humanisti\u010dkih znanosti, koji \u0107e se provoditi na hrvatskoj znanstvenoj instituciji, Institutu za povijest umjetnosti.<\/p>\n\n\n\n<hr class=\"wp-block-separator\"\/>\n\n\n\n<p>Vi\u0161e informacija:<\/p>\n\n\n\n<p><a href=\"https:\/\/www.ipu.hr\/article\/hr\/1841\/odrzano-javno-predstavljanje-projekta-erc-a-pravo-na-stan-proizvodnja-prostora-svakodnevnog-zivljenja-u-jugoslaviji-19451991\">https:\/\/www.ipu.hr\/article\/hr\/1841\/odrzano-javno-predstavljanje-projekta-erc-a-pravo-na-stan-proizvodnja-prostora-svakodnevnog-zivljenja-u-jugoslaviji-19451991<\/a><\/p>\n\n\n\n<p><a href=\"https:\/\/ipu.hr\/article\/hr\/1830\/consolidator-grant-europskoga-istrazivackog-vijeca-dodijeljen-dr-sc-tamari-bjazic-klarin-za-istrazivanje-stambene-izgradnje-jugoslavije\">https:\/\/ipu.hr\/article\/hr\/1830\/consolidator-grant-europskoga-istrazivackog-vijeca-dodijeljen-dr-sc-tamari-bjazic-klarin-za-istrazivanje-stambene-izgradnje-jugoslavije<\/a><\/p>\n\n\n\n<hr class=\"wp-block-separator\"\/>\n","protected":false},"excerpt":{"rendered":"","protected":false},"author":2,"featured_media":43812,"comment_status":"open","ping_status":"open","sticky":false,"template":"","format":"standard","meta":{"_acf_changed":false,"jetpack_post_was_ever_published":false,"_jetpack_newsletter_access":"","_jetpack_dont_email_post_to_subs":false,"_jetpack_newsletter_tier_id":0,"_jetpack_memberships_contains_paywalled_content":false,"_jetpack_memberships_contains_paid_content":false,"footnotes":"","jetpack_publicize_message":"","jetpack_publicize_feature_enabled":true,"jetpack_social_post_already_shared":true,"jetpack_social_options":{"image_generator_settings":{"template":"highway","default_image_id":0,"font":"","enabled":false},"version":2}},"categories":[3],"tags":[],"class_list":["post-43843","post","type-post","status-publish","format-standard","has-post-thumbnail","hentry","category-novosti"],"acf":{"facebook_opis":""},"jetpack_publicize_connections":[],"jetpack_featured_media_url":"https:\/\/i0.wp.com\/historiografija.hr\/wp-content\/uploads\/2024\/12\/erc-housing-yu.jpg?fit=900%2C562&ssl=1","jetpack_sharing_enabled":true,"jetpack-related-posts":[],"_links":{"self":[{"href":"https:\/\/historiografija.hr\/index.php?rest_route=\/wp\/v2\/posts\/43843","targetHints":{"allow":["GET"]}}],"collection":[{"href":"https:\/\/historiografija.hr\/index.php?rest_route=\/wp\/v2\/posts"}],"about":[{"href":"https:\/\/historiografija.hr\/index.php?rest_route=\/wp\/v2\/types\/post"}],"author":[{"embeddable":true,"href":"https:\/\/historiografija.hr\/index.php?rest_route=\/wp\/v2\/users\/2"}],"replies":[{"embeddable":true,"href":"https:\/\/historiografija.hr\/index.php?rest_route=%2Fwp%2Fv2%2Fcomments&post=43843"}],"version-history":[{"count":1,"href":"https:\/\/historiografija.hr\/index.php?rest_route=\/wp\/v2\/posts\/43843\/revisions"}],"predecessor-version":[{"id":43844,"href":"https:\/\/historiografija.hr\/index.php?rest_route=\/wp\/v2\/posts\/43843\/revisions\/43844"}],"wp:featuredmedia":[{"embeddable":true,"href":"https:\/\/historiografija.hr\/index.php?rest_route=\/wp\/v2\/media\/43812"}],"wp:attachment":[{"href":"https:\/\/historiografija.hr\/index.php?rest_route=%2Fwp%2Fv2%2Fmedia&parent=43843"}],"wp:term":[{"taxonomy":"category","embeddable":true,"href":"https:\/\/historiografija.hr\/index.php?rest_route=%2Fwp%2Fv2%2Fcategories&post=43843"},{"taxonomy":"post_tag","embeddable":true,"href":"https:\/\/historiografija.hr\/index.php?rest_route=%2Fwp%2Fv2%2Ftags&post=43843"}],"curies":[{"name":"wp","href":"https:\/\/api.w.org\/{rel}","templated":true}]}}